{"id":58508,"date":"2026-04-28T09:16:39","date_gmt":"2026-04-28T09:16:39","guid":{"rendered":"https:\/\/www.hexis-graphics.com\/news-se\/racing-spirit-of-leman-i-24-timmarsloppet-i-le-mans-2026\/"},"modified":"2026-04-28T09:16:47","modified_gmt":"2026-04-28T09:16:47","slug":"racing-spirit-of-leman-i-24-timmarsloppet-i-le-mans-2026","status":"publish","type":"post","link":"https:\/\/www.hexis-graphics.com\/sv\/news-se\/racing-spirit-of-leman-i-24-timmarsloppet-i-le-mans-2026\/","title":{"rendered":"Racing Spirit of L\u00e9man i 24-timmarsloppet i Le Mans 2026"},"content":{"rendered":"\n<p>Upplagan 2026 av <strong>24-timmarsloppet i Le Mans <\/strong>ser ut att bli historisk f\u00f6r <strong>Racing Spirit of L\u00e9man<\/strong>. Mellan den 10 och 14 juni <strong>2026<\/strong> kommer det franska teamet att ta sig an den legendariska <strong>Circuit de la Sarthe<\/strong> med h\u00f6ga ambitioner i denna uth\u00e5llighetst\u00e4vling.<\/p>\n\n<h2 class=\"wp-block-heading\">En Aston Martin Vantage LMGT3 med siktet p\u00e5 toppen<\/h2>\n\n<div class=\"wp-block-group is-nowrap is-layout-flex wp-container-core-group-is-layout-ad2f72ca wp-block-group-is-layout-flex\">\n<figure class=\"wp-block-image size-large\"><img data-dominant-color=\"503535\" data-has-transparency=\"false\" fetchpriority=\"high\" decoding=\"async\" width=\"1024\" height=\"1024\" src=\"https:\/\/www.hexis-graphics.com\/hexisgraphics\/2026\/04\/RSL-aston-martin-1024x1024.webp\" alt=\"RSL aston martin\" class=\"wp-image-58305 not-transparent\" style=\"--dominant-color: #503535; object-fit:cover\" srcset=\"https:\/\/www.hexis-graphics.com\/hexisgraphics\/2026\/04\/RSL-aston-martin-1024x1024.webp 1024w, https:\/\/www.hexis-graphics.com\/hexisgraphics\/2026\/04\/RSL-aston-martin-300x300.webp 300w, https:\/\/www.hexis-graphics.com\/hexisgraphics\/2026\/04\/RSL-aston-martin-150x150.webp 150w, https:\/\/www.hexis-graphics.com\/hexisgraphics\/2026\/04\/RSL-aston-martin-66x66.webp 66w, https:\/\/www.hexis-graphics.com\/hexisgraphics\/2026\/04\/RSL-aston-martin-400x400.webp 400w, https:\/\/www.hexis-graphics.com\/hexisgraphics\/2026\/04\/RSL-aston-martin-320x320.webp 320w, https:\/\/www.hexis-graphics.com\/hexisgraphics\/2026\/04\/RSL-aston-martin.webp 1200w\" sizes=\"(max-width: 1024px) 100vw, 1024px\" \/><\/figure>\n\n\n\n<p>F\u00f6r denna prestigefyllda t\u00e4vling satsar Racing Spirit of L\u00e9man p\u00e5 brittisk ingenj\u00f6rskonst. Med <strong>en Aston Martin Vantage LMGT3<\/strong> kommer teamet att f\u00f6rs\u00f6ka ta hem segern. K\u00e4nd f\u00f6r sin tillf\u00f6rlitlighet och avancerade aerodynamik \u00e4r Vantage det perfekta vapnet f\u00f6r att bem\u00e4stra de 13,6 kilometrarna p\u00e5 Le Mans-banan, fr\u00e5n Hunaudi\u00e8res-rakan till Dunlop-kurvan.<\/p>\n<\/div>\n\n<h2 class=\"wp-block-heading\">Cl\u00e9ment Mateu och bil #59 \u2013 ett ekipage att f\u00f6lja<\/h2>\n\n<p>F\u00f6rarkompetensen kommer att vara en av teamets st\u00f6rsta styrkor. <strong>Cl\u00e9ment Mateu<\/strong>, en erfaren f\u00f6rare och v\u00e4lk\u00e4nd profil inom motorsport, k\u00f6r bil <strong>nummer 59<\/strong> tillsammans med <strong>Valentin Hasse Clot<\/strong> och <strong>Marius Fossard.<\/strong><\/p>\n\n<h3 class=\"wp-block-heading\">M\u00e5l f\u00f6r #59 i LMGT3<\/h3>\n\n<ul class=\"wp-block-list\">\n<li><ul>&#13;\n \t<li><strong>Konsekvens:<\/strong> H\u00e5lla ett stabilt tempo under hela loppet<\/li>&#13;\n<\/ul><\/li>\n\n\n\n<li><ul>&#13;\n \t<li><strong>Prestanda:<\/strong> Maximera potentialen i V8 biturbo-motorn<\/li>&#13;\n<\/ul><\/li>\n\n\n\n<li><ul>&#13;\n \t<li><strong>Strategi:<\/strong> Optimera dep\u00e5stoppen f\u00f6r att vinna v\u00e4rdefulla sekunder<\/li>&#13;\n<\/ul><\/li>\n<\/ul>\n\n<h2 class=\"wp-block-heading\">Vi ses den 13 juni 2026<\/h2>\n\n<p>Starten p\u00e5 l\u00f6rdag eftermiddag markerar b\u00f6rjan p\u00e5 en intensiv m\u00e4nsklig och teknisk utmaning. Ett elektriskt raceweekend v\u00e4ntar.<\/p>\n","protected":false},"excerpt":{"rendered":"<p>Upplagan 2026 av 24-timmarsloppet i Le Mans ser ut att bli historisk f\u00f6r Racing Spirit of L\u00e9man. Mellan den 10 och 14 juni 2026 kommer det franska teamet att ta sig an den legendariska Circuit de la Sarthe med h\u00f6ga ambitioner i denna uth\u00e5llighetst\u00e4vling. En Aston Martin Vantage LMGT3 med siktet p\u00e5 toppen F\u00f6r denna [&hellip;]<\/p>\n","protected":false},"author":34,"featured_media":58507,"comment_status":"closed","ping_status":"closed","sticky":false,"template":"","format":"standard","meta":{"footnotes":""},"categories":[27],"tags":[],"class_list":["post-58508","post","type-post","status-publish","format-standard","has-post-thumbnail","hentry","category-news-se"],"yoast_head":"<!-- This site is optimized with the Yoast SEO plugin v27.4 - https:\/\/yoast.com\/product\/yoast-seo-wordpress\/ -->\n<title>Racing Spirit of L\u00e9man i 24-timmarsloppet i Le Mans 2026 - HEXIS Graphics<\/title>\n<meta name=\"description\" content=\"F\u00f6lj stallet Racing Spirit of L\u00e9man och Cl\u00e9ment Mateu under 24-timmarsloppet p\u00e5 Le Mans 2026, ombord p\u00e5 Aston Martin Vantage LMGT3 nr 59.\" \/>\n<meta name=\"robots\" content=\"index, follow, max-snippet:-1, max-image-preview:large, max-video-preview:-1\" \/>\n<link rel=\"canonical\" href=\"https:\/\/www.hexis-graphics.com\/sv\/news-se\/racing-spirit-of-leman-i-24-timmarsloppet-i-le-mans-2026\/\" \/>\n<meta property=\"og:locale\" content=\"sv_SE\" \/>\n<meta property=\"og:type\" content=\"article\" \/>\n<meta property=\"og:title\" content=\"Racing Spirit of L\u00e9man i 24-timmarsloppet i Le Mans 2026 - HEXIS Graphics\" \/>\n<meta property=\"og:description\" content=\"F\u00f6lj stallet Racing Spirit of L\u00e9man och Cl\u00e9ment Mateu under 24-timmarsloppet p\u00e5 Le Mans 2026, ombord p\u00e5 Aston Martin Vantage LMGT3 nr 59.\" \/>\n<meta property=\"og:url\" content=\"https:\/\/www.hexis-graphics.com\/sv\/news-se\/racing-spirit-of-leman-i-24-timmarsloppet-i-le-mans-2026\/\" \/>\n<meta property=\"og:site_name\" content=\"HEXIS Graphics\" \/>\n<meta property=\"article:publisher\" content=\"https:\/\/www.facebook.com\/hexisgraphics\" \/>\n<meta property=\"article:published_time\" content=\"2026-04-28T09:16:39+00:00\" \/>\n<meta property=\"article:modified_time\" content=\"2026-04-28T09:16:47+00:00\" \/>\n<meta property=\"og:image\" content=\"https:\/\/www.hexis-graphics.com\/hexisgraphics\/2026\/04\/racing-spirit-of-leman.webp\" \/>\n\t<meta property=\"og:image:width\" content=\"800\" \/>\n\t<meta property=\"og:image:height\" content=\"1470\" \/>\n\t<meta property=\"og:image:type\" content=\"image\/png\" \/>\n<meta name=\"author\" content=\"lea.babeau@hexis.fr\" \/>\n<meta name=\"twitter:card\" content=\"summary_large_image\" \/>\n<meta name=\"twitter:creator\" content=\"@hexisgraphics\" \/>\n<meta name=\"twitter:site\" content=\"@hexisgraphics\" \/>\n<meta name=\"twitter:label1\" content=\"Skriven av\" \/>\n\t<meta name=\"twitter:data1\" content=\"lea.babeau@hexis.fr\" \/>\n\t<meta name=\"twitter:label2\" content=\"Ber\u00e4knad l\u00e4stid\" \/>\n\t<meta name=\"twitter:data2\" content=\"1 minut\" \/>\n<script type=\"application\/ld+json\" class=\"yoast-schema-graph\">{\"@context\":\"https:\\\/\\\/schema.org\",\"@graph\":[{\"@type\":\"Article\",\"@id\":\"https:\\\/\\\/www.hexis-graphics.com\\\/sv\\\/news-se\\\/racing-spirit-of-leman-i-24-timmarsloppet-i-le-mans-2026\\\/#article\",\"isPartOf\":{\"@id\":\"https:\\\/\\\/www.hexis-graphics.com\\\/sv\\\/news-se\\\/racing-spirit-of-leman-i-24-timmarsloppet-i-le-mans-2026\\\/\"},\"author\":{\"name\":\"lea.babeau@hexis.fr\",\"@id\":\"https:\\\/\\\/www.hexis-graphics.com\\\/sv\\\/#\\\/schema\\\/person\\\/e7acb7d829808a0d5a5636e54adc52a4\"},\"headline\":\"Racing Spirit of L\u00e9man i 24-timmarsloppet i Le Mans 2026\",\"datePublished\":\"2026-04-28T09:16:39+00:00\",\"dateModified\":\"2026-04-28T09:16:47+00:00\",\"mainEntityOfPage\":{\"@id\":\"https:\\\/\\\/www.hexis-graphics.com\\\/sv\\\/news-se\\\/racing-spirit-of-leman-i-24-timmarsloppet-i-le-mans-2026\\\/\"},\"wordCount\":230,\"publisher\":{\"@id\":\"https:\\\/\\\/www.hexis-graphics.com\\\/sv\\\/#organization\"},\"image\":{\"@id\":\"https:\\\/\\\/www.hexis-graphics.com\\\/sv\\\/news-se\\\/racing-spirit-of-leman-i-24-timmarsloppet-i-le-mans-2026\\\/#primaryimage\"},\"thumbnailUrl\":\"https:\\\/\\\/www.hexis-graphics.com\\\/hexisgraphics\\\/2026\\\/04\\\/racing-spirit-of-leman.webp\",\"articleSection\":[\"News\"],\"inLanguage\":\"sv-SE\"},{\"@type\":\"WebPage\",\"@id\":\"https:\\\/\\\/www.hexis-graphics.com\\\/sv\\\/news-se\\\/racing-spirit-of-leman-i-24-timmarsloppet-i-le-mans-2026\\\/\",\"url\":\"https:\\\/\\\/www.hexis-graphics.com\\\/sv\\\/news-se\\\/racing-spirit-of-leman-i-24-timmarsloppet-i-le-mans-2026\\\/\",\"name\":\"Racing Spirit of L\u00e9man i 24-timmarsloppet i Le Mans 2026 - HEXIS Graphics\",\"isPartOf\":{\"@id\":\"https:\\\/\\\/www.hexis-graphics.com\\\/sv\\\/#website\"},\"primaryImageOfPage\":{\"@id\":\"https:\\\/\\\/www.hexis-graphics.com\\\/sv\\\/news-se\\\/racing-spirit-of-leman-i-24-timmarsloppet-i-le-mans-2026\\\/#primaryimage\"},\"image\":{\"@id\":\"https:\\\/\\\/www.hexis-graphics.com\\\/sv\\\/news-se\\\/racing-spirit-of-leman-i-24-timmarsloppet-i-le-mans-2026\\\/#primaryimage\"},\"thumbnailUrl\":\"https:\\\/\\\/www.hexis-graphics.com\\\/hexisgraphics\\\/2026\\\/04\\\/racing-spirit-of-leman.webp\",\"datePublished\":\"2026-04-28T09:16:39+00:00\",\"dateModified\":\"2026-04-28T09:16:47+00:00\",\"description\":\"F\u00f6lj stallet Racing Spirit of L\u00e9man och Cl\u00e9ment Mateu under 24-timmarsloppet p\u00e5 Le Mans 2026, ombord p\u00e5 Aston Martin Vantage LMGT3 nr 59.\",\"breadcrumb\":{\"@id\":\"https:\\\/\\\/www.hexis-graphics.com\\\/sv\\\/news-se\\\/racing-spirit-of-leman-i-24-timmarsloppet-i-le-mans-2026\\\/#breadcrumb\"},\"inLanguage\":\"sv-SE\",\"potentialAction\":[{\"@type\":\"ReadAction\",\"target\":[\"https:\\\/\\\/www.hexis-graphics.com\\\/sv\\\/news-se\\\/racing-spirit-of-leman-i-24-timmarsloppet-i-le-mans-2026\\\/\"]}]},{\"@type\":\"ImageObject\",\"inLanguage\":\"sv-SE\",\"@id\":\"https:\\\/\\\/www.hexis-graphics.com\\\/sv\\\/news-se\\\/racing-spirit-of-leman-i-24-timmarsloppet-i-le-mans-2026\\\/#primaryimage\",\"url\":\"https:\\\/\\\/www.hexis-graphics.com\\\/hexisgraphics\\\/2026\\\/04\\\/racing-spirit-of-leman.webp\",\"contentUrl\":\"https:\\\/\\\/www.hexis-graphics.com\\\/hexisgraphics\\\/2026\\\/04\\\/racing-spirit-of-leman.webp\",\"width\":800,\"height\":1470,\"caption\":\"racing spirit of leman\"},{\"@type\":\"BreadcrumbList\",\"@id\":\"https:\\\/\\\/www.hexis-graphics.com\\\/sv\\\/news-se\\\/racing-spirit-of-leman-i-24-timmarsloppet-i-le-mans-2026\\\/#breadcrumb\",\"itemListElement\":[{\"@type\":\"ListItem\",\"position\":1,\"name\":\"Accueil\",\"item\":\"https:\\\/\\\/www.hexis-graphics.com\\\/sv\\\/\"},{\"@type\":\"ListItem\",\"position\":2,\"name\":\"Racing Spirit of L\u00e9man i 24-timmarsloppet i Le Mans 2026\"}]},{\"@type\":\"WebSite\",\"@id\":\"https:\\\/\\\/www.hexis-graphics.com\\\/sv\\\/#website\",\"url\":\"https:\\\/\\\/www.hexis-graphics.com\\\/sv\\\/\",\"name\":\"HEXIS Graphics\",\"description\":\"Manufacturer of self-adhesive films\",\"publisher\":{\"@id\":\"https:\\\/\\\/www.hexis-graphics.com\\\/sv\\\/#organization\"},\"potentialAction\":[{\"@type\":\"SearchAction\",\"target\":{\"@type\":\"EntryPoint\",\"urlTemplate\":\"https:\\\/\\\/www.hexis-graphics.com\\\/sv\\\/?s={search_term_string}\"},\"query-input\":{\"@type\":\"PropertyValueSpecification\",\"valueRequired\":true,\"valueName\":\"search_term_string\"}}],\"inLanguage\":\"sv-SE\"},{\"@type\":\"Organization\",\"@id\":\"https:\\\/\\\/www.hexis-graphics.com\\\/sv\\\/#organization\",\"name\":\"HEXIS Graphics\",\"url\":\"https:\\\/\\\/www.hexis-graphics.com\\\/sv\\\/\",\"logo\":{\"@type\":\"ImageObject\",\"inLanguage\":\"sv-SE\",\"@id\":\"https:\\\/\\\/www.hexis-graphics.com\\\/sv\\\/#\\\/schema\\\/logo\\\/image\\\/\",\"url\":\"https:\\\/\\\/www.hexis-graphics.com\\\/hexisgraphics\\\/2016\\\/05\\\/logo_HEXIS.jpg\",\"contentUrl\":\"https:\\\/\\\/www.hexis-graphics.com\\\/hexisgraphics\\\/2016\\\/05\\\/logo_HEXIS.jpg\",\"width\":250,\"height\":107,\"caption\":\"HEXIS Graphics\"},\"image\":{\"@id\":\"https:\\\/\\\/www.hexis-graphics.com\\\/sv\\\/#\\\/schema\\\/logo\\\/image\\\/\"},\"sameAs\":[\"https:\\\/\\\/www.facebook.com\\\/hexisgraphics\",\"https:\\\/\\\/x.com\\\/hexisgraphics\",\"https:\\\/\\\/www.instagram.com\\\/hexisgraphics\\\/\",\"https:\\\/\\\/fr.linkedin.com\\\/company\\\/hexis-s-a-\",\"https:\\\/\\\/www.youtube.com\\\/user\\\/HEXISSA\"]},{\"@type\":\"Person\",\"@id\":\"https:\\\/\\\/www.hexis-graphics.com\\\/sv\\\/#\\\/schema\\\/person\\\/e7acb7d829808a0d5a5636e54adc52a4\",\"name\":\"lea.babeau@hexis.fr\",\"image\":{\"@type\":\"ImageObject\",\"inLanguage\":\"sv-SE\",\"@id\":\"https:\\\/\\\/secure.gravatar.com\\\/avatar\\\/4f46feeb1a1c580ec9cc10f82261799cf9a8df3ea099d2d60befcc18ad0d47a0?s=96&d=mm&r=g\",\"url\":\"https:\\\/\\\/secure.gravatar.com\\\/avatar\\\/4f46feeb1a1c580ec9cc10f82261799cf9a8df3ea099d2d60befcc18ad0d47a0?s=96&d=mm&r=g\",\"contentUrl\":\"https:\\\/\\\/secure.gravatar.com\\\/avatar\\\/4f46feeb1a1c580ec9cc10f82261799cf9a8df3ea099d2d60befcc18ad0d47a0?s=96&d=mm&r=g\",\"caption\":\"lea.babeau@hexis.fr\"}}]}<\/script>\n<!-- \/ Yoast SEO plugin. -->","yoast_head_json":{"title":"Racing Spirit of L\u00e9man i 24-timmarsloppet i Le Mans 2026 - HEXIS Graphics","description":"F\u00f6lj stallet Racing Spirit of L\u00e9man och Cl\u00e9ment Mateu under 24-timmarsloppet p\u00e5 Le Mans 2026, ombord p\u00e5 Aston Martin Vantage LMGT3 nr 59.","robots":{"index":"index","follow":"follow","max-snippet":"max-snippet:-1","max-image-preview":"max-image-preview:large","max-video-preview":"max-video-preview:-1"},"canonical":"https:\/\/www.hexis-graphics.com\/sv\/news-se\/racing-spirit-of-leman-i-24-timmarsloppet-i-le-mans-2026\/","og_locale":"sv_SE","og_type":"article","og_title":"Racing Spirit of L\u00e9man i 24-timmarsloppet i Le Mans 2026 - HEXIS Graphics","og_description":"F\u00f6lj stallet Racing Spirit of L\u00e9man och Cl\u00e9ment Mateu under 24-timmarsloppet p\u00e5 Le Mans 2026, ombord p\u00e5 Aston Martin Vantage LMGT3 nr 59.","og_url":"https:\/\/www.hexis-graphics.com\/sv\/news-se\/racing-spirit-of-leman-i-24-timmarsloppet-i-le-mans-2026\/","og_site_name":"HEXIS Graphics","article_publisher":"https:\/\/www.facebook.com\/hexisgraphics","article_published_time":"2026-04-28T09:16:39+00:00","article_modified_time":"2026-04-28T09:16:47+00:00","og_image":[{"width":800,"height":1470,"url":"https:\/\/www.hexis-graphics.com\/hexisgraphics\/2026\/04\/racing-spirit-of-leman.webp","type":"image\/png"}],"author":"lea.babeau@hexis.fr","twitter_card":"summary_large_image","twitter_creator":"@hexisgraphics","twitter_site":"@hexisgraphics","twitter_misc":{"Skriven av":"lea.babeau@hexis.fr","Ber\u00e4knad l\u00e4stid":"1 minut"},"schema":{"@context":"https:\/\/schema.org","@graph":[{"@type":"Article","@id":"https:\/\/www.hexis-graphics.com\/sv\/news-se\/racing-spirit-of-leman-i-24-timmarsloppet-i-le-mans-2026\/#article","isPartOf":{"@id":"https:\/\/www.hexis-graphics.com\/sv\/news-se\/racing-spirit-of-leman-i-24-timmarsloppet-i-le-mans-2026\/"},"author":{"name":"lea.babeau@hexis.fr","@id":"https:\/\/www.hexis-graphics.com\/sv\/#\/schema\/person\/e7acb7d829808a0d5a5636e54adc52a4"},"headline":"Racing Spirit of L\u00e9man i 24-timmarsloppet i Le Mans 2026","datePublished":"2026-04-28T09:16:39+00:00","dateModified":"2026-04-28T09:16:47+00:00","mainEntityOfPage":{"@id":"https:\/\/www.hexis-graphics.com\/sv\/news-se\/racing-spirit-of-leman-i-24-timmarsloppet-i-le-mans-2026\/"},"wordCount":230,"publisher":{"@id":"https:\/\/www.hexis-graphics.com\/sv\/#organization"},"image":{"@id":"https:\/\/www.hexis-graphics.com\/sv\/news-se\/racing-spirit-of-leman-i-24-timmarsloppet-i-le-mans-2026\/#primaryimage"},"thumbnailUrl":"https:\/\/www.hexis-graphics.com\/hexisgraphics\/2026\/04\/racing-spirit-of-leman.webp","articleSection":["News"],"inLanguage":"sv-SE"},{"@type":"WebPage","@id":"https:\/\/www.hexis-graphics.com\/sv\/news-se\/racing-spirit-of-leman-i-24-timmarsloppet-i-le-mans-2026\/","url":"https:\/\/www.hexis-graphics.com\/sv\/news-se\/racing-spirit-of-leman-i-24-timmarsloppet-i-le-mans-2026\/","name":"Racing Spirit of L\u00e9man i 24-timmarsloppet i Le Mans 2026 - HEXIS Graphics","isPartOf":{"@id":"https:\/\/www.hexis-graphics.com\/sv\/#website"},"primaryImageOfPage":{"@id":"https:\/\/www.hexis-graphics.com\/sv\/news-se\/racing-spirit-of-leman-i-24-timmarsloppet-i-le-mans-2026\/#primaryimage"},"image":{"@id":"https:\/\/www.hexis-graphics.com\/sv\/news-se\/racing-spirit-of-leman-i-24-timmarsloppet-i-le-mans-2026\/#primaryimage"},"thumbnailUrl":"https:\/\/www.hexis-graphics.com\/hexisgraphics\/2026\/04\/racing-spirit-of-leman.webp","datePublished":"2026-04-28T09:16:39+00:00","dateModified":"2026-04-28T09:16:47+00:00","description":"F\u00f6lj stallet Racing Spirit of L\u00e9man och Cl\u00e9ment Mateu under 24-timmarsloppet p\u00e5 Le Mans 2026, ombord p\u00e5 Aston Martin Vantage LMGT3 nr 59.","breadcrumb":{"@id":"https:\/\/www.hexis-graphics.com\/sv\/news-se\/racing-spirit-of-leman-i-24-timmarsloppet-i-le-mans-2026\/#breadcrumb"},"inLanguage":"sv-SE","potentialAction":[{"@type":"ReadAction","target":["https:\/\/www.hexis-graphics.com\/sv\/news-se\/racing-spirit-of-leman-i-24-timmarsloppet-i-le-mans-2026\/"]}]},{"@type":"ImageObject","inLanguage":"sv-SE","@id":"https:\/\/www.hexis-graphics.com\/sv\/news-se\/racing-spirit-of-leman-i-24-timmarsloppet-i-le-mans-2026\/#primaryimage","url":"https:\/\/www.hexis-graphics.com\/hexisgraphics\/2026\/04\/racing-spirit-of-leman.webp","contentUrl":"https:\/\/www.hexis-graphics.com\/hexisgraphics\/2026\/04\/racing-spirit-of-leman.webp","width":800,"height":1470,"caption":"racing spirit of leman"},{"@type":"BreadcrumbList","@id":"https:\/\/www.hexis-graphics.com\/sv\/news-se\/racing-spirit-of-leman-i-24-timmarsloppet-i-le-mans-2026\/#breadcrumb","itemListElement":[{"@type":"ListItem","position":1,"name":"Accueil","item":"https:\/\/www.hexis-graphics.com\/sv\/"},{"@type":"ListItem","position":2,"name":"Racing Spirit of L\u00e9man i 24-timmarsloppet i Le Mans 2026"}]},{"@type":"WebSite","@id":"https:\/\/www.hexis-graphics.com\/sv\/#website","url":"https:\/\/www.hexis-graphics.com\/sv\/","name":"HEXIS Graphics","description":"Manufacturer of self-adhesive films","publisher":{"@id":"https:\/\/www.hexis-graphics.com\/sv\/#organization"},"potentialAction":[{"@type":"SearchAction","target":{"@type":"EntryPoint","urlTemplate":"https:\/\/www.hexis-graphics.com\/sv\/?s={search_term_string}"},"query-input":{"@type":"PropertyValueSpecification","valueRequired":true,"valueName":"search_term_string"}}],"inLanguage":"sv-SE"},{"@type":"Organization","@id":"https:\/\/www.hexis-graphics.com\/sv\/#organization","name":"HEXIS Graphics","url":"https:\/\/www.hexis-graphics.com\/sv\/","logo":{"@type":"ImageObject","inLanguage":"sv-SE","@id":"https:\/\/www.hexis-graphics.com\/sv\/#\/schema\/logo\/image\/","url":"https:\/\/www.hexis-graphics.com\/hexisgraphics\/2016\/05\/logo_HEXIS.jpg","contentUrl":"https:\/\/www.hexis-graphics.com\/hexisgraphics\/2016\/05\/logo_HEXIS.jpg","width":250,"height":107,"caption":"HEXIS Graphics"},"image":{"@id":"https:\/\/www.hexis-graphics.com\/sv\/#\/schema\/logo\/image\/"},"sameAs":["https:\/\/www.facebook.com\/hexisgraphics","https:\/\/x.com\/hexisgraphics","https:\/\/www.instagram.com\/hexisgraphics\/","https:\/\/fr.linkedin.com\/company\/hexis-s-a-","https:\/\/www.youtube.com\/user\/HEXISSA"]},{"@type":"Person","@id":"https:\/\/www.hexis-graphics.com\/sv\/#\/schema\/person\/e7acb7d829808a0d5a5636e54adc52a4","name":"lea.babeau@hexis.fr","image":{"@type":"ImageObject","inLanguage":"sv-SE","@id":"https:\/\/secure.gravatar.com\/avatar\/4f46feeb1a1c580ec9cc10f82261799cf9a8df3ea099d2d60befcc18ad0d47a0?s=96&d=mm&r=g","url":"https:\/\/secure.gravatar.com\/avatar\/4f46feeb1a1c580ec9cc10f82261799cf9a8df3ea099d2d60befcc18ad0d47a0?s=96&d=mm&r=g","contentUrl":"https:\/\/secure.gravatar.com\/avatar\/4f46feeb1a1c580ec9cc10f82261799cf9a8df3ea099d2d60befcc18ad0d47a0?s=96&d=mm&r=g","caption":"lea.babeau@hexis.fr"}}]}},"_links":{"self":[{"href":"https:\/\/www.hexis-graphics.com\/sv\/wp-json\/wp\/v2\/posts\/58508","targetHints":{"allow":["GET"]}}],"collection":[{"href":"https:\/\/www.hexis-graphics.com\/sv\/wp-json\/wp\/v2\/posts"}],"about":[{"href":"https:\/\/www.hexis-graphics.com\/sv\/wp-json\/wp\/v2\/types\/post"}],"author":[{"embeddable":true,"href":"https:\/\/www.hexis-graphics.com\/sv\/wp-json\/wp\/v2\/users\/34"}],"replies":[{"embeddable":true,"href":"https:\/\/www.hexis-graphics.com\/sv\/wp-json\/wp\/v2\/comments?post=58508"}],"version-history":[{"count":3,"href":"https:\/\/www.hexis-graphics.com\/sv\/wp-json\/wp\/v2\/posts\/58508\/revisions"}],"predecessor-version":[{"id":58514,"href":"https:\/\/www.hexis-graphics.com\/sv\/wp-json\/wp\/v2\/posts\/58508\/revisions\/58514"}],"wp:featuredmedia":[{"embeddable":true,"href":"https:\/\/www.hexis-graphics.com\/sv\/wp-json\/wp\/v2\/media\/58507"}],"wp:attachment":[{"href":"https:\/\/www.hexis-graphics.com\/sv\/wp-json\/wp\/v2\/media?parent=58508"}],"wp:term":[{"taxonomy":"category","embeddable":true,"href":"https:\/\/www.hexis-graphics.com\/sv\/wp-json\/wp\/v2\/categories?post=58508"},{"taxonomy":"post_tag","embeddable":true,"href":"https:\/\/www.hexis-graphics.com\/sv\/wp-json\/wp\/v2\/tags?post=58508"}],"curies":[{"name":"wp","href":"https:\/\/api.w.org\/{rel}","templated":true}]}}