{"id":43980,"date":"2023-04-26T13:49:49","date_gmt":"2023-04-26T13:49:49","guid":{"rendered":"https:\/\/www.hexis-graphics.com\/?p=43980"},"modified":"2023-04-26T13:49:49","modified_gmt":"2023-04-26T13:49:49","slug":"wrap-fest-silverstone-2023-vad-kan-vi-forvanta-oss-av-den-forsta-upplagan","status":"publish","type":"post","link":"https:\/\/www.hexis-graphics.com\/sv\/news-se\/wrap-fest-silverstone-2023-vad-kan-vi-forvanta-oss-av-den-forsta-upplagan\/","title":{"rendered":"Wrap Fest Silverstone 2023 \u2013 vad kan vi f\u00f6rv\u00e4nta oss av den f\u00f6rsta upplagan?"},"content":{"rendered":"<h1><strong>P\u00e5 v\u00e4g till Silverstone f\u00f6r 2023 Wrap Fest!<\/strong><\/h1>\n<p>Wrap Fest Silverstone 2023 sammanf\u00f6r de brittiska och irl\u00e4ndska n\u00e4tverken f\u00f6r wrapping eller foliering av bilar. FESPA arrangerar eventet och marknadens ledande leverant\u00f6rer kommer till Silverstone f\u00f6r att visa upp de senaste produkterna f\u00f6r bilindustrin och den grafiska industrin. FESPA grundades 1962 och organiserar stora globala m\u00e4ssor och konferenser f\u00f6r tryckeri- och skyltbranschen.<\/p>\n<p>Bes\u00f6kare till Wrap Fest kommer att ha tillg\u00e5ng till ett brett utbud av tj\u00e4nster, inklusive ett program f\u00f6r Wrap Talks och live-demonstrationer d\u00e4r de kan se produkterna i praktiken.<\/p>\n<p>Ledande globala varum\u00e4rken kommer att visa upp sina senaste innovationer och trender inom fordonsanpassning. Bes\u00f6kare till Wrap Fest kommer ocks\u00e5 att kunna n\u00e4rvara vid en av etapperna av World Wrap Masters. Finalen h\u00e5lls i M\u00fcnchen den 25 och 26 maj. <a href=\"https:\/\/www.hexis-graphics.com\/sv\/se\/\">HEXIS<\/a> kommer att vara p\u00e5 plats f\u00f6r att noga f\u00f6lja utvecklingen av deltagarna. De kommer ocks\u00e5 att delta i Wrap Warrior Battle, r\u00f6sta i Show and Shine t\u00e4vlingen och m\u00f6ta kollegor i festivalomr\u00e5det.<\/p>\n<h2><strong>Vilka produkterna kommer att presenteras p\u00e5 Wrap Fest?<\/strong><\/h2>\n<ul>\n<li>Folieringsfolier<\/li>\n<li>Printfolier<\/li>\n<li>Digitala printers<\/li>\n<li>Tillbeh\u00f6r och verktyg<\/li>\n<li>Film och grafik f\u00f6r inomhusbruk<\/li>\n<li>Reng\u00f6ringsprodukter<\/li>\n<li>Utbildningskurser och certifieringar med mera.<\/li>\n<\/ul>\n<h2><strong>HEXIS UK p\u00e5 Silverstone <\/strong><strong>Wrap Fest<\/strong><\/h2>\n<p>Silverstone \u00e4r den ikoniska platsen f\u00f6r Storbritanniens Grand Prix och erbjuder d\u00e4rf\u00f6r f\u00f6rstklassiga faciliteter. Silverstone \u00e4r en hotspot f\u00f6r motorer och med detta i \u00e5tanke \u00e4r HEXIS UK stolta \u00f6ver att kunna delta i detta stora event och att vara huvudsponsor.<\/p>\n<p>HEXIS och dess HEX&#8217;Perts kommer att finnas representerade i tv\u00e5 montrar. Den f\u00f6rsta kommer att fokusera p\u00e5 PPF-filmer BODYFENCE som skyddar karosser och den andra p\u00e5 de sj\u00e4lvh\u00e4ftande filmerna fr\u00e5n SKINTAC sortimentet:<\/p>\n<ul>\n<li>HX20000<\/li>\n<li>HX30000<\/li>\n<li>HX45000<\/li>\n<\/ul>\n<p>HEXIS UK:s team av certifierade instrukt\u00f6rer kommer att ledas av <strong>James Steane<\/strong>, <strong>Stewart Cochran<\/strong> och nya HEX&#8217;Perten, <strong>Luke Brotherton<\/strong>. De tre instrukt\u00f6rerna kommer att leda HEXIS application team i ett antal demonstrationer av foliering och PPF-till\u00e4mpningar.<\/p>\n<p>Om du vill bli en HEX&#8217;Pert \u00e4r detta r\u00e4tta st\u00e4llet att vara p\u00e5. Du kan st\u00e4lla alla fr\u00e5gor du vill till v\u00e5ra professionella folieapplikat\u00f6rer. Och om du vill boka en utbildning kan du prata med <strong>Martyn Timmis<\/strong>, utbildningschef vid <strong>HEXIS Academy<\/strong>.<\/p>\n<h2><strong>HEXIS kommer att presentera sina nya produkter p\u00e5 Wrap Fest Silverstone 2023. H\u00e4r \u00e4r en f\u00f6rhandstitt.<\/strong><\/h2>\n<h3><strong>Nya <\/strong><strong>SKINTAC<\/strong> <strong>produkter<\/strong><\/h3>\n<p>Det finns m\u00e5nga nya till\u00e4gg i den v\u00e4lk\u00e4nda <a href=\"https:\/\/www.hexis-online.se\/\" target=\"_blank\" rel=\"noopener\"><strong>SKINTAC<\/strong><\/a> serien:<\/p>\n<ul>\n<li>HX30SS22B &#8211; Galactic Iridescent Limited Edition<\/li>\n<li>HX20NMYB &#8211; Mystery Black<\/li>\n<li>HX20VNAS &#8211; Naiad Green<\/li>\n<li>HX20G12B &#8211; Pleiades Grey<\/li>\n<li>HX20B37B &#8211; Polaris Blue<\/li>\n<li>HX30IMAB &#8211; Southern Ocean Iridescent<\/li>\n<li>HX30IFBB &#8211; Boreal Forest Iridescent<\/li>\n<\/ul>\n<p>N\u00e5gra \u00f6verraskande f\u00e4rger som \u00e4r speciellt utformade f\u00f6r Wrap Fest kan ocks\u00e5 bli en del av eventet! D\u00e4rf\u00f6r m\u00e5ste du komma till Wrap Fest i Silverstone 2023!<\/p>\n<h3><strong>Nya produkter i <\/strong><strong>BODYFENCE\u00aesortimentet<\/strong><\/h3>\n<p>V\u00e5ra team vill g\u00e4rna visa dig innovationerna fr\u00e5n det v\u00e4lk\u00e4nda BODYFENCE\u00aesortimentet:<\/p>\n<ul>\n<li>BODYFENCEX i satin och matt finish<\/li>\n<li>BODYXFAST (en ny generation PU-film som m\u00f6jligg\u00f6r snabb installation)<\/li>\n<li>BFBLACKM skyddsfilm i matt finish<\/li>\n<\/ul>\n<p>Bland de andra nya sj\u00e4lvh\u00e4ftande filmerna f\u00f6r skydd av karosser finns ocks\u00e5:<\/p>\n<ul>\n<li>DFENCEONEX<\/li>\n<li>DFENCEXTREM<\/li>\n<\/ul>\n<p>V\u00e5ra team p\u00e5 plats kommer ocks\u00e5 att presentera solfilmssortimentet f\u00f6r bilar: <strong>SKYTINT<\/strong>. Du kommer \u00e4ven att kunna se alla nya <strong>SHAG verktyg<\/strong> f\u00f6r installat\u00f6rer.<\/p>\n<p>Som du kan se \u00e4r Wrap Fest den ultimata h\u00e4ndelsen f\u00f6r alla bilentusiaster. F\u00f6r ytterligare information, g\u00e5 direkt till <strong>Wrap Fest<\/strong> webbplats och tveka inte att kontakta oss f\u00f6r mer <strong>information<\/strong>!<\/p>\n<p>Wrap Fest blir en unik m\u00f6jlighet att l\u00e4ra k\u00e4nna och komma i kontakt med communityn f\u00f6r folieapplikat\u00f6rer.<\/p>\n","protected":false},"excerpt":{"rendered":"<p>P\u00e5 v\u00e4g till Silverstone f\u00f6r 2023 Wrap Fest! Wrap Fest Silverstone 2023 sammanf\u00f6r de brittiska och irl\u00e4ndska n\u00e4tverken f\u00f6r wrapping eller foliering av bilar. FESPA arrangerar eventet och marknadens ledande leverant\u00f6rer kommer till Silverstone f\u00f6r att visa upp de senaste produkterna f\u00f6r bilindustrin och den grafiska industrin. FESPA grundades 1962 och organiserar stora globala m\u00e4ssor [&hellip;]<\/p>\n","protected":false},"author":34,"featured_media":43669,"comment_status":"closed","ping_status":"closed","sticky":false,"template":"","format":"standard","meta":{"footnotes":""},"categories":[27],"tags":[],"class_list":["post-43980","post","type-post","status-publish","format-standard","has-post-thumbnail","hentry","category-news-se"],"yoast_head":"<!-- This site is optimized with the Yoast SEO plugin v27.4 - https:\/\/yoast.com\/product\/yoast-seo-wordpress\/ -->\n<title>Wrap Fest Silverstone 2023 \u2013 vad kan vi f\u00f6rv\u00e4nta oss av den f\u00f6rsta upplagan? - HEXIS Graphics<\/title>\n<meta name=\"description\" content=\"HEXIS \u00e4r stolta \u00f6ver att kunna delta i Wrap Fest p\u00e5 Silverstone f\u00f6r \u00e5ret 2023 och vara huvudsponsor f\u00f6r detta evenemang. Kom och m\u00f6t oss.\" \/>\n<meta name=\"robots\" content=\"index, follow, max-snippet:-1, max-image-preview:large, max-video-preview:-1\" \/>\n<link rel=\"canonical\" href=\"https:\/\/www.hexis-graphics.com\/sv\/news-se\/wrap-fest-silverstone-2023-vad-kan-vi-forvanta-oss-av-den-forsta-upplagan\/\" \/>\n<meta property=\"og:locale\" content=\"sv_SE\" \/>\n<meta property=\"og:type\" content=\"article\" \/>\n<meta property=\"og:title\" content=\"Wrap Fest Silverstone 2023 \u2013 vad kan vi f\u00f6rv\u00e4nta oss av den f\u00f6rsta upplagan? - HEXIS Graphics\" \/>\n<meta property=\"og:description\" content=\"HEXIS \u00e4r stolta \u00f6ver att kunna delta i Wrap Fest p\u00e5 Silverstone f\u00f6r \u00e5ret 2023 och vara huvudsponsor f\u00f6r detta evenemang. Kom och m\u00f6t oss.\" \/>\n<meta property=\"og:url\" content=\"https:\/\/www.hexis-graphics.com\/sv\/news-se\/wrap-fest-silverstone-2023-vad-kan-vi-forvanta-oss-av-den-forsta-upplagan\/\" \/>\n<meta property=\"og:site_name\" content=\"HEXIS Graphics\" \/>\n<meta property=\"article:publisher\" content=\"https:\/\/www.facebook.com\/hexisgraphics\" \/>\n<meta property=\"article:published_time\" content=\"2023-04-26T13:49:49+00:00\" \/>\n<meta property=\"og:image\" content=\"https:\/\/www.hexis-graphics.com\/hexisgraphics\/2023\/04\/HEXIS-Wrap-Fest-Silverstone-2023.png\" \/>\n\t<meta property=\"og:image:width\" content=\"374\" \/>\n\t<meta property=\"og:image:height\" content=\"248\" \/>\n\t<meta property=\"og:image:type\" content=\"image\/png\" \/>\n<meta name=\"author\" content=\"lea.babeau@hexis.fr\" \/>\n<meta name=\"twitter:card\" content=\"summary_large_image\" \/>\n<meta name=\"twitter:creator\" content=\"@hexisgraphics\" \/>\n<meta name=\"twitter:site\" content=\"@hexisgraphics\" \/>\n<meta name=\"twitter:label1\" content=\"Skriven av\" \/>\n\t<meta name=\"twitter:data1\" content=\"lea.babeau@hexis.fr\" \/>\n\t<meta name=\"twitter:label2\" content=\"Ber\u00e4knad l\u00e4stid\" \/>\n\t<meta name=\"twitter:data2\" content=\"3 minuter\" \/>\n<script type=\"application\/ld+json\" class=\"yoast-schema-graph\">{\"@context\":\"https:\\\/\\\/schema.org\",\"@graph\":[{\"@type\":\"Article\",\"@id\":\"https:\\\/\\\/www.hexis-graphics.com\\\/sv\\\/news-se\\\/wrap-fest-silverstone-2023-vad-kan-vi-forvanta-oss-av-den-forsta-upplagan\\\/#article\",\"isPartOf\":{\"@id\":\"https:\\\/\\\/www.hexis-graphics.com\\\/sv\\\/news-se\\\/wrap-fest-silverstone-2023-vad-kan-vi-forvanta-oss-av-den-forsta-upplagan\\\/\"},\"author\":{\"name\":\"lea.babeau@hexis.fr\",\"@id\":\"https:\\\/\\\/www.hexis-graphics.com\\\/sv\\\/#\\\/schema\\\/person\\\/e7acb7d829808a0d5a5636e54adc52a4\"},\"headline\":\"Wrap Fest Silverstone 2023 \u2013 vad kan vi f\u00f6rv\u00e4nta oss av den f\u00f6rsta upplagan?\",\"datePublished\":\"2023-04-26T13:49:49+00:00\",\"mainEntityOfPage\":{\"@id\":\"https:\\\/\\\/www.hexis-graphics.com\\\/sv\\\/news-se\\\/wrap-fest-silverstone-2023-vad-kan-vi-forvanta-oss-av-den-forsta-upplagan\\\/\"},\"wordCount\":664,\"publisher\":{\"@id\":\"https:\\\/\\\/www.hexis-graphics.com\\\/sv\\\/#organization\"},\"image\":{\"@id\":\"https:\\\/\\\/www.hexis-graphics.com\\\/sv\\\/news-se\\\/wrap-fest-silverstone-2023-vad-kan-vi-forvanta-oss-av-den-forsta-upplagan\\\/#primaryimage\"},\"thumbnailUrl\":\"https:\\\/\\\/www.hexis-graphics.com\\\/hexisgraphics\\\/2023\\\/04\\\/HEXIS-Wrap-Fest-Silverstone-2023.png\",\"articleSection\":[\"News\"],\"inLanguage\":\"sv-SE\"},{\"@type\":\"WebPage\",\"@id\":\"https:\\\/\\\/www.hexis-graphics.com\\\/sv\\\/news-se\\\/wrap-fest-silverstone-2023-vad-kan-vi-forvanta-oss-av-den-forsta-upplagan\\\/\",\"url\":\"https:\\\/\\\/www.hexis-graphics.com\\\/sv\\\/news-se\\\/wrap-fest-silverstone-2023-vad-kan-vi-forvanta-oss-av-den-forsta-upplagan\\\/\",\"name\":\"Wrap Fest Silverstone 2023 \u2013 vad kan vi f\u00f6rv\u00e4nta oss av den f\u00f6rsta upplagan? - HEXIS Graphics\",\"isPartOf\":{\"@id\":\"https:\\\/\\\/www.hexis-graphics.com\\\/sv\\\/#website\"},\"primaryImageOfPage\":{\"@id\":\"https:\\\/\\\/www.hexis-graphics.com\\\/sv\\\/news-se\\\/wrap-fest-silverstone-2023-vad-kan-vi-forvanta-oss-av-den-forsta-upplagan\\\/#primaryimage\"},\"image\":{\"@id\":\"https:\\\/\\\/www.hexis-graphics.com\\\/sv\\\/news-se\\\/wrap-fest-silverstone-2023-vad-kan-vi-forvanta-oss-av-den-forsta-upplagan\\\/#primaryimage\"},\"thumbnailUrl\":\"https:\\\/\\\/www.hexis-graphics.com\\\/hexisgraphics\\\/2023\\\/04\\\/HEXIS-Wrap-Fest-Silverstone-2023.png\",\"datePublished\":\"2023-04-26T13:49:49+00:00\",\"description\":\"HEXIS \u00e4r stolta \u00f6ver att kunna delta i Wrap Fest p\u00e5 Silverstone f\u00f6r \u00e5ret 2023 och vara huvudsponsor f\u00f6r detta evenemang. Kom och m\u00f6t oss.\",\"breadcrumb\":{\"@id\":\"https:\\\/\\\/www.hexis-graphics.com\\\/sv\\\/news-se\\\/wrap-fest-silverstone-2023-vad-kan-vi-forvanta-oss-av-den-forsta-upplagan\\\/#breadcrumb\"},\"inLanguage\":\"sv-SE\",\"potentialAction\":[{\"@type\":\"ReadAction\",\"target\":[\"https:\\\/\\\/www.hexis-graphics.com\\\/sv\\\/news-se\\\/wrap-fest-silverstone-2023-vad-kan-vi-forvanta-oss-av-den-forsta-upplagan\\\/\"]}]},{\"@type\":\"ImageObject\",\"inLanguage\":\"sv-SE\",\"@id\":\"https:\\\/\\\/www.hexis-graphics.com\\\/sv\\\/news-se\\\/wrap-fest-silverstone-2023-vad-kan-vi-forvanta-oss-av-den-forsta-upplagan\\\/#primaryimage\",\"url\":\"https:\\\/\\\/www.hexis-graphics.com\\\/hexisgraphics\\\/2023\\\/04\\\/HEXIS-Wrap-Fest-Silverstone-2023.png\",\"contentUrl\":\"https:\\\/\\\/www.hexis-graphics.com\\\/hexisgraphics\\\/2023\\\/04\\\/HEXIS-Wrap-Fest-Silverstone-2023.png\",\"width\":374,\"height\":248,\"caption\":\"HEXIS - Wrap Fest Silverstone 2023\"},{\"@type\":\"BreadcrumbList\",\"@id\":\"https:\\\/\\\/www.hexis-graphics.com\\\/sv\\\/news-se\\\/wrap-fest-silverstone-2023-vad-kan-vi-forvanta-oss-av-den-forsta-upplagan\\\/#breadcrumb\",\"itemListElement\":[{\"@type\":\"ListItem\",\"position\":1,\"name\":\"Accueil\",\"item\":\"https:\\\/\\\/www.hexis-graphics.com\\\/sv\\\/\"},{\"@type\":\"ListItem\",\"position\":2,\"name\":\"Wrap Fest Silverstone 2023 \u2013 vad kan vi f\u00f6rv\u00e4nta oss av den f\u00f6rsta upplagan?\"}]},{\"@type\":\"WebSite\",\"@id\":\"https:\\\/\\\/www.hexis-graphics.com\\\/sv\\\/#website\",\"url\":\"https:\\\/\\\/www.hexis-graphics.com\\\/sv\\\/\",\"name\":\"HEXIS Graphics\",\"description\":\"Manufacturer of self-adhesive films\",\"publisher\":{\"@id\":\"https:\\\/\\\/www.hexis-graphics.com\\\/sv\\\/#organization\"},\"potentialAction\":[{\"@type\":\"SearchAction\",\"target\":{\"@type\":\"EntryPoint\",\"urlTemplate\":\"https:\\\/\\\/www.hexis-graphics.com\\\/sv\\\/?s={search_term_string}\"},\"query-input\":{\"@type\":\"PropertyValueSpecification\",\"valueRequired\":true,\"valueName\":\"search_term_string\"}}],\"inLanguage\":\"sv-SE\"},{\"@type\":\"Organization\",\"@id\":\"https:\\\/\\\/www.hexis-graphics.com\\\/sv\\\/#organization\",\"name\":\"HEXIS Graphics\",\"url\":\"https:\\\/\\\/www.hexis-graphics.com\\\/sv\\\/\",\"logo\":{\"@type\":\"ImageObject\",\"inLanguage\":\"sv-SE\",\"@id\":\"https:\\\/\\\/www.hexis-graphics.com\\\/sv\\\/#\\\/schema\\\/logo\\\/image\\\/\",\"url\":\"https:\\\/\\\/www.hexis-graphics.com\\\/hexisgraphics\\\/2016\\\/05\\\/logo_HEXIS.jpg\",\"contentUrl\":\"https:\\\/\\\/www.hexis-graphics.com\\\/hexisgraphics\\\/2016\\\/05\\\/logo_HEXIS.jpg\",\"width\":250,\"height\":107,\"caption\":\"HEXIS Graphics\"},\"image\":{\"@id\":\"https:\\\/\\\/www.hexis-graphics.com\\\/sv\\\/#\\\/schema\\\/logo\\\/image\\\/\"},\"sameAs\":[\"https:\\\/\\\/www.facebook.com\\\/hexisgraphics\",\"https:\\\/\\\/x.com\\\/hexisgraphics\",\"https:\\\/\\\/www.instagram.com\\\/hexisgraphics\\\/\",\"https:\\\/\\\/fr.linkedin.com\\\/company\\\/hexis-s-a-\",\"https:\\\/\\\/www.youtube.com\\\/user\\\/HEXISSA\"]},{\"@type\":\"Person\",\"@id\":\"https:\\\/\\\/www.hexis-graphics.com\\\/sv\\\/#\\\/schema\\\/person\\\/e7acb7d829808a0d5a5636e54adc52a4\",\"name\":\"lea.babeau@hexis.fr\",\"image\":{\"@type\":\"ImageObject\",\"inLanguage\":\"sv-SE\",\"@id\":\"https:\\\/\\\/secure.gravatar.com\\\/avatar\\\/4f46feeb1a1c580ec9cc10f82261799cf9a8df3ea099d2d60befcc18ad0d47a0?s=96&d=mm&r=g\",\"url\":\"https:\\\/\\\/secure.gravatar.com\\\/avatar\\\/4f46feeb1a1c580ec9cc10f82261799cf9a8df3ea099d2d60befcc18ad0d47a0?s=96&d=mm&r=g\",\"contentUrl\":\"https:\\\/\\\/secure.gravatar.com\\\/avatar\\\/4f46feeb1a1c580ec9cc10f82261799cf9a8df3ea099d2d60befcc18ad0d47a0?s=96&d=mm&r=g\",\"caption\":\"lea.babeau@hexis.fr\"}}]}<\/script>\n<!-- \/ Yoast SEO plugin. -->","yoast_head_json":{"title":"Wrap Fest Silverstone 2023 \u2013 vad kan vi f\u00f6rv\u00e4nta oss av den f\u00f6rsta upplagan? - HEXIS Graphics","description":"HEXIS \u00e4r stolta \u00f6ver att kunna delta i Wrap Fest p\u00e5 Silverstone f\u00f6r \u00e5ret 2023 och vara huvudsponsor f\u00f6r detta evenemang. Kom och m\u00f6t oss.","robots":{"index":"index","follow":"follow","max-snippet":"max-snippet:-1","max-image-preview":"max-image-preview:large","max-video-preview":"max-video-preview:-1"},"canonical":"https:\/\/www.hexis-graphics.com\/sv\/news-se\/wrap-fest-silverstone-2023-vad-kan-vi-forvanta-oss-av-den-forsta-upplagan\/","og_locale":"sv_SE","og_type":"article","og_title":"Wrap Fest Silverstone 2023 \u2013 vad kan vi f\u00f6rv\u00e4nta oss av den f\u00f6rsta upplagan? - HEXIS Graphics","og_description":"HEXIS \u00e4r stolta \u00f6ver att kunna delta i Wrap Fest p\u00e5 Silverstone f\u00f6r \u00e5ret 2023 och vara huvudsponsor f\u00f6r detta evenemang. Kom och m\u00f6t oss.","og_url":"https:\/\/www.hexis-graphics.com\/sv\/news-se\/wrap-fest-silverstone-2023-vad-kan-vi-forvanta-oss-av-den-forsta-upplagan\/","og_site_name":"HEXIS Graphics","article_publisher":"https:\/\/www.facebook.com\/hexisgraphics","article_published_time":"2023-04-26T13:49:49+00:00","og_image":[{"width":374,"height":248,"url":"https:\/\/www.hexis-graphics.com\/hexisgraphics\/2023\/04\/HEXIS-Wrap-Fest-Silverstone-2023.png","type":"image\/png"}],"author":"lea.babeau@hexis.fr","twitter_card":"summary_large_image","twitter_creator":"@hexisgraphics","twitter_site":"@hexisgraphics","twitter_misc":{"Skriven av":"lea.babeau@hexis.fr","Ber\u00e4knad l\u00e4stid":"3 minuter"},"schema":{"@context":"https:\/\/schema.org","@graph":[{"@type":"Article","@id":"https:\/\/www.hexis-graphics.com\/sv\/news-se\/wrap-fest-silverstone-2023-vad-kan-vi-forvanta-oss-av-den-forsta-upplagan\/#article","isPartOf":{"@id":"https:\/\/www.hexis-graphics.com\/sv\/news-se\/wrap-fest-silverstone-2023-vad-kan-vi-forvanta-oss-av-den-forsta-upplagan\/"},"author":{"name":"lea.babeau@hexis.fr","@id":"https:\/\/www.hexis-graphics.com\/sv\/#\/schema\/person\/e7acb7d829808a0d5a5636e54adc52a4"},"headline":"Wrap Fest Silverstone 2023 \u2013 vad kan vi f\u00f6rv\u00e4nta oss av den f\u00f6rsta upplagan?","datePublished":"2023-04-26T13:49:49+00:00","mainEntityOfPage":{"@id":"https:\/\/www.hexis-graphics.com\/sv\/news-se\/wrap-fest-silverstone-2023-vad-kan-vi-forvanta-oss-av-den-forsta-upplagan\/"},"wordCount":664,"publisher":{"@id":"https:\/\/www.hexis-graphics.com\/sv\/#organization"},"image":{"@id":"https:\/\/www.hexis-graphics.com\/sv\/news-se\/wrap-fest-silverstone-2023-vad-kan-vi-forvanta-oss-av-den-forsta-upplagan\/#primaryimage"},"thumbnailUrl":"https:\/\/www.hexis-graphics.com\/hexisgraphics\/2023\/04\/HEXIS-Wrap-Fest-Silverstone-2023.png","articleSection":["News"],"inLanguage":"sv-SE"},{"@type":"WebPage","@id":"https:\/\/www.hexis-graphics.com\/sv\/news-se\/wrap-fest-silverstone-2023-vad-kan-vi-forvanta-oss-av-den-forsta-upplagan\/","url":"https:\/\/www.hexis-graphics.com\/sv\/news-se\/wrap-fest-silverstone-2023-vad-kan-vi-forvanta-oss-av-den-forsta-upplagan\/","name":"Wrap Fest Silverstone 2023 \u2013 vad kan vi f\u00f6rv\u00e4nta oss av den f\u00f6rsta upplagan? - HEXIS Graphics","isPartOf":{"@id":"https:\/\/www.hexis-graphics.com\/sv\/#website"},"primaryImageOfPage":{"@id":"https:\/\/www.hexis-graphics.com\/sv\/news-se\/wrap-fest-silverstone-2023-vad-kan-vi-forvanta-oss-av-den-forsta-upplagan\/#primaryimage"},"image":{"@id":"https:\/\/www.hexis-graphics.com\/sv\/news-se\/wrap-fest-silverstone-2023-vad-kan-vi-forvanta-oss-av-den-forsta-upplagan\/#primaryimage"},"thumbnailUrl":"https:\/\/www.hexis-graphics.com\/hexisgraphics\/2023\/04\/HEXIS-Wrap-Fest-Silverstone-2023.png","datePublished":"2023-04-26T13:49:49+00:00","description":"HEXIS \u00e4r stolta \u00f6ver att kunna delta i Wrap Fest p\u00e5 Silverstone f\u00f6r \u00e5ret 2023 och vara huvudsponsor f\u00f6r detta evenemang. Kom och m\u00f6t oss.","breadcrumb":{"@id":"https:\/\/www.hexis-graphics.com\/sv\/news-se\/wrap-fest-silverstone-2023-vad-kan-vi-forvanta-oss-av-den-forsta-upplagan\/#breadcrumb"},"inLanguage":"sv-SE","potentialAction":[{"@type":"ReadAction","target":["https:\/\/www.hexis-graphics.com\/sv\/news-se\/wrap-fest-silverstone-2023-vad-kan-vi-forvanta-oss-av-den-forsta-upplagan\/"]}]},{"@type":"ImageObject","inLanguage":"sv-SE","@id":"https:\/\/www.hexis-graphics.com\/sv\/news-se\/wrap-fest-silverstone-2023-vad-kan-vi-forvanta-oss-av-den-forsta-upplagan\/#primaryimage","url":"https:\/\/www.hexis-graphics.com\/hexisgraphics\/2023\/04\/HEXIS-Wrap-Fest-Silverstone-2023.png","contentUrl":"https:\/\/www.hexis-graphics.com\/hexisgraphics\/2023\/04\/HEXIS-Wrap-Fest-Silverstone-2023.png","width":374,"height":248,"caption":"HEXIS - Wrap Fest Silverstone 2023"},{"@type":"BreadcrumbList","@id":"https:\/\/www.hexis-graphics.com\/sv\/news-se\/wrap-fest-silverstone-2023-vad-kan-vi-forvanta-oss-av-den-forsta-upplagan\/#breadcrumb","itemListElement":[{"@type":"ListItem","position":1,"name":"Accueil","item":"https:\/\/www.hexis-graphics.com\/sv\/"},{"@type":"ListItem","position":2,"name":"Wrap Fest Silverstone 2023 \u2013 vad kan vi f\u00f6rv\u00e4nta oss av den f\u00f6rsta upplagan?"}]},{"@type":"WebSite","@id":"https:\/\/www.hexis-graphics.com\/sv\/#website","url":"https:\/\/www.hexis-graphics.com\/sv\/","name":"HEXIS Graphics","description":"Manufacturer of self-adhesive films","publisher":{"@id":"https:\/\/www.hexis-graphics.com\/sv\/#organization"},"potentialAction":[{"@type":"SearchAction","target":{"@type":"EntryPoint","urlTemplate":"https:\/\/www.hexis-graphics.com\/sv\/?s={search_term_string}"},"query-input":{"@type":"PropertyValueSpecification","valueRequired":true,"valueName":"search_term_string"}}],"inLanguage":"sv-SE"},{"@type":"Organization","@id":"https:\/\/www.hexis-graphics.com\/sv\/#organization","name":"HEXIS Graphics","url":"https:\/\/www.hexis-graphics.com\/sv\/","logo":{"@type":"ImageObject","inLanguage":"sv-SE","@id":"https:\/\/www.hexis-graphics.com\/sv\/#\/schema\/logo\/image\/","url":"https:\/\/www.hexis-graphics.com\/hexisgraphics\/2016\/05\/logo_HEXIS.jpg","contentUrl":"https:\/\/www.hexis-graphics.com\/hexisgraphics\/2016\/05\/logo_HEXIS.jpg","width":250,"height":107,"caption":"HEXIS Graphics"},"image":{"@id":"https:\/\/www.hexis-graphics.com\/sv\/#\/schema\/logo\/image\/"},"sameAs":["https:\/\/www.facebook.com\/hexisgraphics","https:\/\/x.com\/hexisgraphics","https:\/\/www.instagram.com\/hexisgraphics\/","https:\/\/fr.linkedin.com\/company\/hexis-s-a-","https:\/\/www.youtube.com\/user\/HEXISSA"]},{"@type":"Person","@id":"https:\/\/www.hexis-graphics.com\/sv\/#\/schema\/person\/e7acb7d829808a0d5a5636e54adc52a4","name":"lea.babeau@hexis.fr","image":{"@type":"ImageObject","inLanguage":"sv-SE","@id":"https:\/\/secure.gravatar.com\/avatar\/4f46feeb1a1c580ec9cc10f82261799cf9a8df3ea099d2d60befcc18ad0d47a0?s=96&d=mm&r=g","url":"https:\/\/secure.gravatar.com\/avatar\/4f46feeb1a1c580ec9cc10f82261799cf9a8df3ea099d2d60befcc18ad0d47a0?s=96&d=mm&r=g","contentUrl":"https:\/\/secure.gravatar.com\/avatar\/4f46feeb1a1c580ec9cc10f82261799cf9a8df3ea099d2d60befcc18ad0d47a0?s=96&d=mm&r=g","caption":"lea.babeau@hexis.fr"}}]}},"_links":{"self":[{"href":"https:\/\/www.hexis-graphics.com\/sv\/wp-json\/wp\/v2\/posts\/43980","targetHints":{"allow":["GET"]}}],"collection":[{"href":"https:\/\/www.hexis-graphics.com\/sv\/wp-json\/wp\/v2\/posts"}],"about":[{"href":"https:\/\/www.hexis-graphics.com\/sv\/wp-json\/wp\/v2\/types\/post"}],"author":[{"embeddable":true,"href":"https:\/\/www.hexis-graphics.com\/sv\/wp-json\/wp\/v2\/users\/34"}],"replies":[{"embeddable":true,"href":"https:\/\/www.hexis-graphics.com\/sv\/wp-json\/wp\/v2\/comments?post=43980"}],"version-history":[{"count":1,"href":"https:\/\/www.hexis-graphics.com\/sv\/wp-json\/wp\/v2\/posts\/43980\/revisions"}],"predecessor-version":[{"id":43981,"href":"https:\/\/www.hexis-graphics.com\/sv\/wp-json\/wp\/v2\/posts\/43980\/revisions\/43981"}],"wp:featuredmedia":[{"embeddable":true,"href":"https:\/\/www.hexis-graphics.com\/sv\/wp-json\/wp\/v2\/media\/43669"}],"wp:attachment":[{"href":"https:\/\/www.hexis-graphics.com\/sv\/wp-json\/wp\/v2\/media?parent=43980"}],"wp:term":[{"taxonomy":"category","embeddable":true,"href":"https:\/\/www.hexis-graphics.com\/sv\/wp-json\/wp\/v2\/categories?post=43980"},{"taxonomy":"post_tag","embeddable":true,"href":"https:\/\/www.hexis-graphics.com\/sv\/wp-json\/wp\/v2\/tags?post=43980"}],"curies":[{"name":"wp","href":"https:\/\/api.w.org\/{rel}","templated":true}]}}