{"id":42424,"date":"2023-01-18T09:29:06","date_gmt":"2023-01-18T09:29:06","guid":{"rendered":"https:\/\/www.hexis-graphics.com\/?p=42424"},"modified":"2023-01-26T11:12:50","modified_gmt":"2023-01-26T11:12:50","slug":"i-hjartat-av-partnerskapet-mellan-hexis-och-bwt-alpine-f1-team","status":"publish","type":"post","link":"https:\/\/www.hexis-graphics.com\/sv\/news-se\/i-hjartat-av-partnerskapet-mellan-hexis-och-bwt-alpine-f1-team\/","title":{"rendered":"I hj\u00e4rtat av partnerskapet mellan HEXIS och BWT-Alpine F1 Team\u00ae"},"content":{"rendered":"<h1><strong>Ett tekniskt partnerskap mellan HEXIS och BWT-Alpine F1 Team\u00ae<\/strong><\/h1>\n<p><a href=\"https:\/\/www.hexis-graphics.com\/sv\/\" target=\"_blank\" rel=\"noopener\">HEXIS<\/a> och BWT-Alpine F1 Team\u00ae har ett stabilt partnerskap som pr\u00e4glas av f\u00f6rtroende, vilket bevisas ytterligare genom utbildningen av racingteamets tekniker i Frontignan. Appliceringen av sj\u00e4lvh\u00e4ftande folie kr\u00e4ver en h\u00f6g teknisk expertis, och det g\u00e4ller i \u00e4nnu h\u00f6gre grad n\u00e4r den ska appliceras p\u00e5 en Formel 1-bil. Det var d\u00e4rf\u00f6r som lackeringsteknikerna p\u00e5 Alpine\u00ae tog kontakt med teamet p\u00e5 v\u00e5rt tr\u00e4ningscenter.<\/p>\n<p>HEXIS tog fram en skr\u00e4ddarsydd f\u00e4rg f\u00f6r att matcha Alpine\u00ae-racingteamets specifikationer. Alpine\u00ae-teknikerna kom sedan till v\u00e5rt tr\u00e4ningscenter f\u00f6r att l\u00e4ra sig hur de ska applicera HEXIS sj\u00e4lvh\u00e4ftande <a href=\"https:\/\/www.hexis-graphics.com\/sv\/foretag\/\" target=\"_blank\" rel=\"noopener\">folier<\/a>.<\/p>\n<p>Det \u00e4r ett tekniskt partnerskap som knyter ihop HEXIS och Alpine\u00ae n\u00e4r det g\u00e4ller tillhandah\u00e5llande av <a href=\"https:\/\/www.hexis-graphics.com\/sv\/foretag\/quality-environmental-policy\/\" target=\"_blank\" rel=\"noopener\">vinylprodukter<\/a>. Just nu utvecklar <a href=\"https:\/\/www.hexis-graphics.com\/sv\/foretag\/forskning-och-utveckling\/\" target=\"_blank\" rel=\"noopener\">HEXIS R&amp;D<\/a> -avdelningen sj\u00e4lvh\u00e4ftande folier med h\u00f6g prestanda f\u00f6r teamet hemma i den brittiska motorsportens vagga: Enstone.<\/p>\n<p>HEXIS sj\u00e4lvh\u00e4ftande folier \u00e4r tekniskt avancerade och skr\u00e4ddarsydda f\u00f6r att passa kraven som st\u00e4lls inom F1-v\u00e4rlden. Partnerskapet visar verkligen hur HEXIS sj\u00e4lvh\u00e4ftande folier anpassas efter de innovativa och tekniska kraven som st\u00e4lls inom motorsporten.<\/p>\n<p>HEXIS sj\u00e4lvh\u00e4ftande folier adderar minimal vikt till F1-bilen och \u00e4r l\u00e4tta att byta ut.<\/p>\n<p>\u00c5terblick p\u00e5 teamet fr\u00e5n Alpines tid p\u00e5 <a href=\"https:\/\/www.hexis-training.com\/\" target=\"_blank\" rel=\"noopener\">HEXIS tr\u00e4ningscenter<\/a>.<\/p>\n<div class=\"images-carousel-container fusion-image-carousel lightbox-enabled\"><div class=\"es-carousel-wrapper fusion-carousel-small\"><div class=\"es-carousel\"><ul>\n<li><div class=\"image\"><a rel=\"prettyPhoto[gallery_image_1]\" href=\"https:\/\/www.hexis-graphics.com\/hexisgraphics\/2023\/01\/Alpine-F1-partnership-HEXIS.png\" target=\"_self\"><img decoding=\"async\" src=\"https:\/\/www.hexis-graphics.com\/hexisgraphics\/2023\/01\/Alpine-F1-partnership-HEXIS.png\" alt=\"Partnerskap HEXIS Alpine\" \/><\/a><\/div><\/li>\n<li><div class=\"image\"><a rel=\"prettyPhoto[gallery_image_1]\" href=\"https:\/\/www.hexis-graphics.com\/hexisgraphics\/2023\/01\/HEXIS-partnership-Alpine-F1.png\" target=\"_self\"><img decoding=\"async\" src=\"https:\/\/www.hexis-graphics.com\/hexisgraphics\/2023\/01\/HEXIS-partnership-Alpine-F1.png\" alt=\"Partnerskap HEXIS Alpine F1\" \/><\/a><\/div><\/li>\n<li><div class=\"image\"><a rel=\"prettyPhoto[gallery_image_1]\" href=\"https:\/\/www.hexis-graphics.com\/hexisgraphics\/2023\/01\/Alpine-F1-HEXIS-partnership.png\" target=\"_self\"><img decoding=\"async\" src=\"https:\/\/www.hexis-graphics.com\/hexisgraphics\/2023\/01\/Alpine-F1-HEXIS-partnership.png\" alt=\"Partnerskap HEXIS Alpine F1\" \/><\/a><\/div><\/li>\n<li><div class=\"image\"><a rel=\"prettyPhoto[gallery_image_1]\" href=\"https:\/\/www.hexis-graphics.com\/hexisgraphics\/2023\/01\/Partnership-HEXIS-Alpine-F1-1.png\" target=\"_self\"><img decoding=\"async\" src=\"https:\/\/www.hexis-graphics.com\/hexisgraphics\/2023\/01\/Partnership-HEXIS-Alpine-F1-1.png\" alt=\"Partnerskap HEXIS Alpine F1\" \/><\/a><\/div><\/li>\n<\/ul><\/div><div class=\"es-nav\"><span class=\"es-nav-prev\"><\/span><span class=\"es-nav-next\"><\/span><\/div><\/div><\/div>\n<h2><strong>Vilken typ av tr\u00e4ning fick teknikerna fr\u00e5n Alpine\u00ae?<\/strong><\/h2>\n<p>V\u00e5rt tr\u00e4ningscenter erbjuder ett antal yrkesutbildningar och kvalificerande kurser. Kurserna som erbjuds inkluderar bland annat applicering av sj\u00e4lvh\u00e4ftande folier f\u00f6r skyltning till kurser i f\u00f6nstergrafik och BODYFENCE -tr\u00e4ning. Lackteknikerna fr\u00e5n Alpine\u00ae tr\u00e4nades under flera dagar p\u00e5 appliceringstekniken f\u00f6r helfoliering.<\/p>\n<p>Alpine\u00ae-teknikerna f\u00f6rv\u00e4ntas applicera sj\u00e4lvh\u00e4ftande film p\u00e5 Formel 1-bilarna. Detta \u00e4r dock ingen l\u00e4tt uppgift och Alpine-teamet beh\u00f6vde g\u00e5 en utbildning.\u00a0 D\u00e4rf\u00f6r v\u00e4nde de sig till v\u00e5rt tr\u00e4ningscenter\u00a0 f\u00f6r att boka in dem p\u00e5 en kurs.<\/p>\n<p>De sj\u00e4lvh\u00e4ftande folierna har flera olika funktioner och de kan skadas under t\u00e4vlingarna, vanligtvis p\u00e5 grund av:<\/p>\n<ul>\n<li>tj\u00e4ra fr\u00e5n asfalten<\/li>\n<li>grus (stenskott)<\/li>\n<li>v\u00e4rme<\/li>\n<\/ul>\n<p>Under tr\u00e4ningen anv\u00e4nde man s\u00e4rskilda sj\u00e4lvh\u00e4ftande folier f\u00f6r att de skulle l\u00e4ra sig applikationstekniken.<\/p>\n<h2><strong>Vilka av HEXIS sj\u00e4lvh\u00e4ftande folier anv\u00e4ndes under tr\u00e4ningen?<\/strong><\/h2>\n<p>Det \u00e4r mycket viktigt att den sj\u00e4lvh\u00e4ftande folien appliceras perfekt p\u00e5 F1-bilen. Teknikerna l\u00e4rde sig att applicera sj\u00e4lvh\u00e4ftande folier fr\u00e5n <a href=\"https:\/\/www.hexis-online.se\/\" target=\"_blank\" rel=\"noopener\">SKINTAC -serien<\/a> (HX190), laminerad med v\u00e5rt sj\u00e4lvh\u00e4ftande gjutna laminat PC190S .<\/p>\n<p>SKINTAC -serien \u00e4r s\u00e4rskilt utformad f\u00f6r helfoliering och ger en perfekt och felfri finish. Laminatet som anv\u00e4nds \u00e4r ett gjutet laminat, som idealiskt f\u00f6r att skydda sj\u00e4lvh\u00e4ftande print p\u00e5 bilar. Det ger den ensitsiga bilen ett imponerande tekniskt resultat. En annan f\u00f6rdel med den h\u00e4r kategorin av sj\u00e4lvh\u00e4ftande folier \u00e4r att de \u00e4r kompatibla med alla printsystem.<\/p>\n<p>HEXIS training centre vill tacka BWT-Alpine F1 Team\u00ae f\u00f6r deras fortsatta st\u00f6d. V\u00e5rt team finns alltid till hands f\u00f6r att tillgodose racingteamets framtida behov.<\/p>\n<p>L\u00e4s mer om v\u00e5ra senaste nyheter genom att klicka <a href=\"https:\/\/www.hexis-graphics.com\/sv\/news\/news-se\/\" target=\"_blank\" rel=\"noopener\">h\u00e4r<\/a>.<\/p>\n","protected":false},"excerpt":{"rendered":"<p>Ett tekniskt partnerskap mellan HEXIS och BWT-Alpine F1 Team\u00ae HEXIS och BWT-Alpine F1 Team\u00ae har ett stabilt partnerskap som pr\u00e4glas av f\u00f6rtroende, vilket bevisas ytterligare genom utbildningen av racingteamets tekniker i Frontignan. Appliceringen av sj\u00e4lvh\u00e4ftande folie kr\u00e4ver en h\u00f6g teknisk expertis, och det g\u00e4ller i \u00e4nnu h\u00f6gre grad n\u00e4r den ska appliceras p\u00e5 en Formel [&hellip;]<\/p>\n","protected":false},"author":34,"featured_media":42368,"comment_status":"closed","ping_status":"closed","sticky":false,"template":"","format":"standard","meta":{"footnotes":""},"categories":[27],"tags":[],"class_list":["post-42424","post","type-post","status-publish","format-standard","has-post-thumbnail","hentry","category-news-se"],"yoast_head":"<!-- This site is optimized with the Yoast SEO plugin v27.4 - https:\/\/yoast.com\/product\/yoast-seo-wordpress\/ -->\n<title>I hj\u00e4rtat av partnerskapet mellan HEXIS och BWT-Alpine F1 Team\u00ae - HEXIS Graphics<\/title>\n<meta name=\"description\" content=\"HEXIS och BWT-Alpine F1 Team\u00ae har ett stabilt partnerskap som pr\u00e4glas av f\u00f6rtroende. Lackeringsteknikerna p\u00e5 Alpine\u00ae tog kontakt med p\u00e5 v\u00e5rt tr\u00e4ningscenter.\" \/>\n<meta name=\"robots\" content=\"index, follow, max-snippet:-1, max-image-preview:large, max-video-preview:-1\" \/>\n<link rel=\"canonical\" href=\"https:\/\/www.hexis-graphics.com\/sv\/news-se\/i-hjartat-av-partnerskapet-mellan-hexis-och-bwt-alpine-f1-team\/\" \/>\n<meta property=\"og:locale\" content=\"sv_SE\" \/>\n<meta property=\"og:type\" content=\"article\" \/>\n<meta property=\"og:title\" content=\"I hj\u00e4rtat av partnerskapet mellan HEXIS och BWT-Alpine F1 Team\u00ae - HEXIS Graphics\" \/>\n<meta property=\"og:description\" content=\"HEXIS och BWT-Alpine F1 Team\u00ae har ett stabilt partnerskap som pr\u00e4glas av f\u00f6rtroende. Lackeringsteknikerna p\u00e5 Alpine\u00ae tog kontakt med p\u00e5 v\u00e5rt tr\u00e4ningscenter.\" \/>\n<meta property=\"og:url\" content=\"https:\/\/www.hexis-graphics.com\/sv\/news-se\/i-hjartat-av-partnerskapet-mellan-hexis-och-bwt-alpine-f1-team\/\" \/>\n<meta property=\"og:site_name\" content=\"HEXIS Graphics\" \/>\n<meta property=\"article:publisher\" content=\"https:\/\/www.facebook.com\/hexisgraphics\" \/>\n<meta property=\"article:published_time\" content=\"2023-01-18T09:29:06+00:00\" \/>\n<meta property=\"article:modified_time\" content=\"2023-01-26T11:12:50+00:00\" \/>\n<meta property=\"og:image\" content=\"https:\/\/www.hexis-graphics.com\/hexisgraphics\/2022\/10\/Alpine-HEXIS-partenariat.png\" \/>\n\t<meta property=\"og:image:width\" content=\"374\" \/>\n\t<meta property=\"og:image:height\" content=\"248\" \/>\n\t<meta property=\"og:image:type\" content=\"image\/png\" \/>\n<meta name=\"author\" content=\"lea.babeau@hexis.fr\" \/>\n<meta name=\"twitter:card\" content=\"summary_large_image\" \/>\n<meta name=\"twitter:creator\" content=\"@hexisgraphics\" \/>\n<meta name=\"twitter:site\" content=\"@hexisgraphics\" \/>\n<meta name=\"twitter:label1\" content=\"Skriven av\" \/>\n\t<meta name=\"twitter:data1\" content=\"lea.babeau@hexis.fr\" \/>\n\t<meta name=\"twitter:label2\" content=\"Ber\u00e4knad l\u00e4stid\" \/>\n\t<meta name=\"twitter:data2\" content=\"3 minuter\" \/>\n<script type=\"application\/ld+json\" class=\"yoast-schema-graph\">{\"@context\":\"https:\\\/\\\/schema.org\",\"@graph\":[{\"@type\":\"Article\",\"@id\":\"https:\\\/\\\/www.hexis-graphics.com\\\/sv\\\/news-se\\\/i-hjartat-av-partnerskapet-mellan-hexis-och-bwt-alpine-f1-team\\\/#article\",\"isPartOf\":{\"@id\":\"https:\\\/\\\/www.hexis-graphics.com\\\/sv\\\/news-se\\\/i-hjartat-av-partnerskapet-mellan-hexis-och-bwt-alpine-f1-team\\\/\"},\"author\":{\"name\":\"lea.babeau@hexis.fr\",\"@id\":\"https:\\\/\\\/www.hexis-graphics.com\\\/sv\\\/#\\\/schema\\\/person\\\/e7acb7d829808a0d5a5636e54adc52a4\"},\"headline\":\"I hj\u00e4rtat av partnerskapet mellan HEXIS och BWT-Alpine F1 Team\u00ae\",\"datePublished\":\"2023-01-18T09:29:06+00:00\",\"dateModified\":\"2023-01-26T11:12:50+00:00\",\"mainEntityOfPage\":{\"@id\":\"https:\\\/\\\/www.hexis-graphics.com\\\/sv\\\/news-se\\\/i-hjartat-av-partnerskapet-mellan-hexis-och-bwt-alpine-f1-team\\\/\"},\"wordCount\":649,\"publisher\":{\"@id\":\"https:\\\/\\\/www.hexis-graphics.com\\\/sv\\\/#organization\"},\"image\":{\"@id\":\"https:\\\/\\\/www.hexis-graphics.com\\\/sv\\\/news-se\\\/i-hjartat-av-partnerskapet-mellan-hexis-och-bwt-alpine-f1-team\\\/#primaryimage\"},\"thumbnailUrl\":\"https:\\\/\\\/www.hexis-graphics.com\\\/hexisgraphics\\\/2022\\\/10\\\/Alpine-HEXIS-partenariat.png\",\"articleSection\":[\"News\"],\"inLanguage\":\"sv-SE\"},{\"@type\":\"WebPage\",\"@id\":\"https:\\\/\\\/www.hexis-graphics.com\\\/sv\\\/news-se\\\/i-hjartat-av-partnerskapet-mellan-hexis-och-bwt-alpine-f1-team\\\/\",\"url\":\"https:\\\/\\\/www.hexis-graphics.com\\\/sv\\\/news-se\\\/i-hjartat-av-partnerskapet-mellan-hexis-och-bwt-alpine-f1-team\\\/\",\"name\":\"I hj\u00e4rtat av partnerskapet mellan HEXIS och BWT-Alpine F1 Team\u00ae - HEXIS Graphics\",\"isPartOf\":{\"@id\":\"https:\\\/\\\/www.hexis-graphics.com\\\/sv\\\/#website\"},\"primaryImageOfPage\":{\"@id\":\"https:\\\/\\\/www.hexis-graphics.com\\\/sv\\\/news-se\\\/i-hjartat-av-partnerskapet-mellan-hexis-och-bwt-alpine-f1-team\\\/#primaryimage\"},\"image\":{\"@id\":\"https:\\\/\\\/www.hexis-graphics.com\\\/sv\\\/news-se\\\/i-hjartat-av-partnerskapet-mellan-hexis-och-bwt-alpine-f1-team\\\/#primaryimage\"},\"thumbnailUrl\":\"https:\\\/\\\/www.hexis-graphics.com\\\/hexisgraphics\\\/2022\\\/10\\\/Alpine-HEXIS-partenariat.png\",\"datePublished\":\"2023-01-18T09:29:06+00:00\",\"dateModified\":\"2023-01-26T11:12:50+00:00\",\"description\":\"HEXIS och BWT-Alpine F1 Team\u00ae har ett stabilt partnerskap som pr\u00e4glas av f\u00f6rtroende. Lackeringsteknikerna p\u00e5 Alpine\u00ae tog kontakt med p\u00e5 v\u00e5rt tr\u00e4ningscenter.\",\"breadcrumb\":{\"@id\":\"https:\\\/\\\/www.hexis-graphics.com\\\/sv\\\/news-se\\\/i-hjartat-av-partnerskapet-mellan-hexis-och-bwt-alpine-f1-team\\\/#breadcrumb\"},\"inLanguage\":\"sv-SE\",\"potentialAction\":[{\"@type\":\"ReadAction\",\"target\":[\"https:\\\/\\\/www.hexis-graphics.com\\\/sv\\\/news-se\\\/i-hjartat-av-partnerskapet-mellan-hexis-och-bwt-alpine-f1-team\\\/\"]}]},{\"@type\":\"ImageObject\",\"inLanguage\":\"sv-SE\",\"@id\":\"https:\\\/\\\/www.hexis-graphics.com\\\/sv\\\/news-se\\\/i-hjartat-av-partnerskapet-mellan-hexis-och-bwt-alpine-f1-team\\\/#primaryimage\",\"url\":\"https:\\\/\\\/www.hexis-graphics.com\\\/hexisgraphics\\\/2022\\\/10\\\/Alpine-HEXIS-partenariat.png\",\"contentUrl\":\"https:\\\/\\\/www.hexis-graphics.com\\\/hexisgraphics\\\/2022\\\/10\\\/Alpine-HEXIS-partenariat.png\",\"width\":374,\"height\":248,\"caption\":\"Partnerskap HEXIS Alpine\"},{\"@type\":\"BreadcrumbList\",\"@id\":\"https:\\\/\\\/www.hexis-graphics.com\\\/sv\\\/news-se\\\/i-hjartat-av-partnerskapet-mellan-hexis-och-bwt-alpine-f1-team\\\/#breadcrumb\",\"itemListElement\":[{\"@type\":\"ListItem\",\"position\":1,\"name\":\"Accueil\",\"item\":\"https:\\\/\\\/www.hexis-graphics.com\\\/sv\\\/\"},{\"@type\":\"ListItem\",\"position\":2,\"name\":\"I hj\u00e4rtat av partnerskapet mellan HEXIS och BWT-Alpine F1 Team\u00ae\"}]},{\"@type\":\"WebSite\",\"@id\":\"https:\\\/\\\/www.hexis-graphics.com\\\/sv\\\/#website\",\"url\":\"https:\\\/\\\/www.hexis-graphics.com\\\/sv\\\/\",\"name\":\"HEXIS Graphics\",\"description\":\"Manufacturer of self-adhesive films\",\"publisher\":{\"@id\":\"https:\\\/\\\/www.hexis-graphics.com\\\/sv\\\/#organization\"},\"potentialAction\":[{\"@type\":\"SearchAction\",\"target\":{\"@type\":\"EntryPoint\",\"urlTemplate\":\"https:\\\/\\\/www.hexis-graphics.com\\\/sv\\\/?s={search_term_string}\"},\"query-input\":{\"@type\":\"PropertyValueSpecification\",\"valueRequired\":true,\"valueName\":\"search_term_string\"}}],\"inLanguage\":\"sv-SE\"},{\"@type\":\"Organization\",\"@id\":\"https:\\\/\\\/www.hexis-graphics.com\\\/sv\\\/#organization\",\"name\":\"HEXIS Graphics\",\"url\":\"https:\\\/\\\/www.hexis-graphics.com\\\/sv\\\/\",\"logo\":{\"@type\":\"ImageObject\",\"inLanguage\":\"sv-SE\",\"@id\":\"https:\\\/\\\/www.hexis-graphics.com\\\/sv\\\/#\\\/schema\\\/logo\\\/image\\\/\",\"url\":\"https:\\\/\\\/www.hexis-graphics.com\\\/hexisgraphics\\\/2016\\\/05\\\/logo_HEXIS.jpg\",\"contentUrl\":\"https:\\\/\\\/www.hexis-graphics.com\\\/hexisgraphics\\\/2016\\\/05\\\/logo_HEXIS.jpg\",\"width\":250,\"height\":107,\"caption\":\"HEXIS Graphics\"},\"image\":{\"@id\":\"https:\\\/\\\/www.hexis-graphics.com\\\/sv\\\/#\\\/schema\\\/logo\\\/image\\\/\"},\"sameAs\":[\"https:\\\/\\\/www.facebook.com\\\/hexisgraphics\",\"https:\\\/\\\/x.com\\\/hexisgraphics\",\"https:\\\/\\\/www.instagram.com\\\/hexisgraphics\\\/\",\"https:\\\/\\\/fr.linkedin.com\\\/company\\\/hexis-s-a-\",\"https:\\\/\\\/www.youtube.com\\\/user\\\/HEXISSA\"]},{\"@type\":\"Person\",\"@id\":\"https:\\\/\\\/www.hexis-graphics.com\\\/sv\\\/#\\\/schema\\\/person\\\/e7acb7d829808a0d5a5636e54adc52a4\",\"name\":\"lea.babeau@hexis.fr\",\"image\":{\"@type\":\"ImageObject\",\"inLanguage\":\"sv-SE\",\"@id\":\"https:\\\/\\\/secure.gravatar.com\\\/avatar\\\/4f46feeb1a1c580ec9cc10f82261799cf9a8df3ea099d2d60befcc18ad0d47a0?s=96&d=mm&r=g\",\"url\":\"https:\\\/\\\/secure.gravatar.com\\\/avatar\\\/4f46feeb1a1c580ec9cc10f82261799cf9a8df3ea099d2d60befcc18ad0d47a0?s=96&d=mm&r=g\",\"contentUrl\":\"https:\\\/\\\/secure.gravatar.com\\\/avatar\\\/4f46feeb1a1c580ec9cc10f82261799cf9a8df3ea099d2d60befcc18ad0d47a0?s=96&d=mm&r=g\",\"caption\":\"lea.babeau@hexis.fr\"}}]}<\/script>\n<!-- \/ Yoast SEO plugin. -->","yoast_head_json":{"title":"I hj\u00e4rtat av partnerskapet mellan HEXIS och BWT-Alpine F1 Team\u00ae - HEXIS Graphics","description":"HEXIS och BWT-Alpine F1 Team\u00ae har ett stabilt partnerskap som pr\u00e4glas av f\u00f6rtroende. Lackeringsteknikerna p\u00e5 Alpine\u00ae tog kontakt med p\u00e5 v\u00e5rt tr\u00e4ningscenter.","robots":{"index":"index","follow":"follow","max-snippet":"max-snippet:-1","max-image-preview":"max-image-preview:large","max-video-preview":"max-video-preview:-1"},"canonical":"https:\/\/www.hexis-graphics.com\/sv\/news-se\/i-hjartat-av-partnerskapet-mellan-hexis-och-bwt-alpine-f1-team\/","og_locale":"sv_SE","og_type":"article","og_title":"I hj\u00e4rtat av partnerskapet mellan HEXIS och BWT-Alpine F1 Team\u00ae - HEXIS Graphics","og_description":"HEXIS och BWT-Alpine F1 Team\u00ae har ett stabilt partnerskap som pr\u00e4glas av f\u00f6rtroende. Lackeringsteknikerna p\u00e5 Alpine\u00ae tog kontakt med p\u00e5 v\u00e5rt tr\u00e4ningscenter.","og_url":"https:\/\/www.hexis-graphics.com\/sv\/news-se\/i-hjartat-av-partnerskapet-mellan-hexis-och-bwt-alpine-f1-team\/","og_site_name":"HEXIS Graphics","article_publisher":"https:\/\/www.facebook.com\/hexisgraphics","article_published_time":"2023-01-18T09:29:06+00:00","article_modified_time":"2023-01-26T11:12:50+00:00","og_image":[{"width":374,"height":248,"url":"https:\/\/www.hexis-graphics.com\/hexisgraphics\/2022\/10\/Alpine-HEXIS-partenariat.png","type":"image\/png"}],"author":"lea.babeau@hexis.fr","twitter_card":"summary_large_image","twitter_creator":"@hexisgraphics","twitter_site":"@hexisgraphics","twitter_misc":{"Skriven av":"lea.babeau@hexis.fr","Ber\u00e4knad l\u00e4stid":"3 minuter"},"schema":{"@context":"https:\/\/schema.org","@graph":[{"@type":"Article","@id":"https:\/\/www.hexis-graphics.com\/sv\/news-se\/i-hjartat-av-partnerskapet-mellan-hexis-och-bwt-alpine-f1-team\/#article","isPartOf":{"@id":"https:\/\/www.hexis-graphics.com\/sv\/news-se\/i-hjartat-av-partnerskapet-mellan-hexis-och-bwt-alpine-f1-team\/"},"author":{"name":"lea.babeau@hexis.fr","@id":"https:\/\/www.hexis-graphics.com\/sv\/#\/schema\/person\/e7acb7d829808a0d5a5636e54adc52a4"},"headline":"I hj\u00e4rtat av partnerskapet mellan HEXIS och BWT-Alpine F1 Team\u00ae","datePublished":"2023-01-18T09:29:06+00:00","dateModified":"2023-01-26T11:12:50+00:00","mainEntityOfPage":{"@id":"https:\/\/www.hexis-graphics.com\/sv\/news-se\/i-hjartat-av-partnerskapet-mellan-hexis-och-bwt-alpine-f1-team\/"},"wordCount":649,"publisher":{"@id":"https:\/\/www.hexis-graphics.com\/sv\/#organization"},"image":{"@id":"https:\/\/www.hexis-graphics.com\/sv\/news-se\/i-hjartat-av-partnerskapet-mellan-hexis-och-bwt-alpine-f1-team\/#primaryimage"},"thumbnailUrl":"https:\/\/www.hexis-graphics.com\/hexisgraphics\/2022\/10\/Alpine-HEXIS-partenariat.png","articleSection":["News"],"inLanguage":"sv-SE"},{"@type":"WebPage","@id":"https:\/\/www.hexis-graphics.com\/sv\/news-se\/i-hjartat-av-partnerskapet-mellan-hexis-och-bwt-alpine-f1-team\/","url":"https:\/\/www.hexis-graphics.com\/sv\/news-se\/i-hjartat-av-partnerskapet-mellan-hexis-och-bwt-alpine-f1-team\/","name":"I hj\u00e4rtat av partnerskapet mellan HEXIS och BWT-Alpine F1 Team\u00ae - HEXIS Graphics","isPartOf":{"@id":"https:\/\/www.hexis-graphics.com\/sv\/#website"},"primaryImageOfPage":{"@id":"https:\/\/www.hexis-graphics.com\/sv\/news-se\/i-hjartat-av-partnerskapet-mellan-hexis-och-bwt-alpine-f1-team\/#primaryimage"},"image":{"@id":"https:\/\/www.hexis-graphics.com\/sv\/news-se\/i-hjartat-av-partnerskapet-mellan-hexis-och-bwt-alpine-f1-team\/#primaryimage"},"thumbnailUrl":"https:\/\/www.hexis-graphics.com\/hexisgraphics\/2022\/10\/Alpine-HEXIS-partenariat.png","datePublished":"2023-01-18T09:29:06+00:00","dateModified":"2023-01-26T11:12:50+00:00","description":"HEXIS och BWT-Alpine F1 Team\u00ae har ett stabilt partnerskap som pr\u00e4glas av f\u00f6rtroende. Lackeringsteknikerna p\u00e5 Alpine\u00ae tog kontakt med p\u00e5 v\u00e5rt tr\u00e4ningscenter.","breadcrumb":{"@id":"https:\/\/www.hexis-graphics.com\/sv\/news-se\/i-hjartat-av-partnerskapet-mellan-hexis-och-bwt-alpine-f1-team\/#breadcrumb"},"inLanguage":"sv-SE","potentialAction":[{"@type":"ReadAction","target":["https:\/\/www.hexis-graphics.com\/sv\/news-se\/i-hjartat-av-partnerskapet-mellan-hexis-och-bwt-alpine-f1-team\/"]}]},{"@type":"ImageObject","inLanguage":"sv-SE","@id":"https:\/\/www.hexis-graphics.com\/sv\/news-se\/i-hjartat-av-partnerskapet-mellan-hexis-och-bwt-alpine-f1-team\/#primaryimage","url":"https:\/\/www.hexis-graphics.com\/hexisgraphics\/2022\/10\/Alpine-HEXIS-partenariat.png","contentUrl":"https:\/\/www.hexis-graphics.com\/hexisgraphics\/2022\/10\/Alpine-HEXIS-partenariat.png","width":374,"height":248,"caption":"Partnerskap HEXIS Alpine"},{"@type":"BreadcrumbList","@id":"https:\/\/www.hexis-graphics.com\/sv\/news-se\/i-hjartat-av-partnerskapet-mellan-hexis-och-bwt-alpine-f1-team\/#breadcrumb","itemListElement":[{"@type":"ListItem","position":1,"name":"Accueil","item":"https:\/\/www.hexis-graphics.com\/sv\/"},{"@type":"ListItem","position":2,"name":"I hj\u00e4rtat av partnerskapet mellan HEXIS och BWT-Alpine F1 Team\u00ae"}]},{"@type":"WebSite","@id":"https:\/\/www.hexis-graphics.com\/sv\/#website","url":"https:\/\/www.hexis-graphics.com\/sv\/","name":"HEXIS Graphics","description":"Manufacturer of self-adhesive films","publisher":{"@id":"https:\/\/www.hexis-graphics.com\/sv\/#organization"},"potentialAction":[{"@type":"SearchAction","target":{"@type":"EntryPoint","urlTemplate":"https:\/\/www.hexis-graphics.com\/sv\/?s={search_term_string}"},"query-input":{"@type":"PropertyValueSpecification","valueRequired":true,"valueName":"search_term_string"}}],"inLanguage":"sv-SE"},{"@type":"Organization","@id":"https:\/\/www.hexis-graphics.com\/sv\/#organization","name":"HEXIS Graphics","url":"https:\/\/www.hexis-graphics.com\/sv\/","logo":{"@type":"ImageObject","inLanguage":"sv-SE","@id":"https:\/\/www.hexis-graphics.com\/sv\/#\/schema\/logo\/image\/","url":"https:\/\/www.hexis-graphics.com\/hexisgraphics\/2016\/05\/logo_HEXIS.jpg","contentUrl":"https:\/\/www.hexis-graphics.com\/hexisgraphics\/2016\/05\/logo_HEXIS.jpg","width":250,"height":107,"caption":"HEXIS Graphics"},"image":{"@id":"https:\/\/www.hexis-graphics.com\/sv\/#\/schema\/logo\/image\/"},"sameAs":["https:\/\/www.facebook.com\/hexisgraphics","https:\/\/x.com\/hexisgraphics","https:\/\/www.instagram.com\/hexisgraphics\/","https:\/\/fr.linkedin.com\/company\/hexis-s-a-","https:\/\/www.youtube.com\/user\/HEXISSA"]},{"@type":"Person","@id":"https:\/\/www.hexis-graphics.com\/sv\/#\/schema\/person\/e7acb7d829808a0d5a5636e54adc52a4","name":"lea.babeau@hexis.fr","image":{"@type":"ImageObject","inLanguage":"sv-SE","@id":"https:\/\/secure.gravatar.com\/avatar\/4f46feeb1a1c580ec9cc10f82261799cf9a8df3ea099d2d60befcc18ad0d47a0?s=96&d=mm&r=g","url":"https:\/\/secure.gravatar.com\/avatar\/4f46feeb1a1c580ec9cc10f82261799cf9a8df3ea099d2d60befcc18ad0d47a0?s=96&d=mm&r=g","contentUrl":"https:\/\/secure.gravatar.com\/avatar\/4f46feeb1a1c580ec9cc10f82261799cf9a8df3ea099d2d60befcc18ad0d47a0?s=96&d=mm&r=g","caption":"lea.babeau@hexis.fr"}}]}},"_links":{"self":[{"href":"https:\/\/www.hexis-graphics.com\/sv\/wp-json\/wp\/v2\/posts\/42424","targetHints":{"allow":["GET"]}}],"collection":[{"href":"https:\/\/www.hexis-graphics.com\/sv\/wp-json\/wp\/v2\/posts"}],"about":[{"href":"https:\/\/www.hexis-graphics.com\/sv\/wp-json\/wp\/v2\/types\/post"}],"author":[{"embeddable":true,"href":"https:\/\/www.hexis-graphics.com\/sv\/wp-json\/wp\/v2\/users\/34"}],"replies":[{"embeddable":true,"href":"https:\/\/www.hexis-graphics.com\/sv\/wp-json\/wp\/v2\/comments?post=42424"}],"version-history":[{"count":2,"href":"https:\/\/www.hexis-graphics.com\/sv\/wp-json\/wp\/v2\/posts\/42424\/revisions"}],"predecessor-version":[{"id":42515,"href":"https:\/\/www.hexis-graphics.com\/sv\/wp-json\/wp\/v2\/posts\/42424\/revisions\/42515"}],"wp:featuredmedia":[{"embeddable":true,"href":"https:\/\/www.hexis-graphics.com\/sv\/wp-json\/wp\/v2\/media\/42368"}],"wp:attachment":[{"href":"https:\/\/www.hexis-graphics.com\/sv\/wp-json\/wp\/v2\/media?parent=42424"}],"wp:term":[{"taxonomy":"category","embeddable":true,"href":"https:\/\/www.hexis-graphics.com\/sv\/wp-json\/wp\/v2\/categories?post=42424"},{"taxonomy":"post_tag","embeddable":true,"href":"https:\/\/www.hexis-graphics.com\/sv\/wp-json\/wp\/v2\/tags?post=42424"}],"curies":[{"name":"wp","href":"https:\/\/api.w.org\/{rel}","templated":true}]}}