{"id":58490,"date":"2026-04-27T14:56:58","date_gmt":"2026-04-27T14:56:58","guid":{"rendered":"https:\/\/www.hexis-graphics.com\/notizie-it\/racing-spirit-of-leman-alla-24-ore-di-le-mans-2026\/"},"modified":"2026-04-27T15:02:39","modified_gmt":"2026-04-27T15:02:39","slug":"racing-spirit-of-leman-alla-24-ore-di-le-mans-2026","status":"publish","type":"post","link":"https:\/\/www.hexis-graphics.com\/it\/notizie-it\/racing-spirit-of-leman-alla-24-ore-di-le-mans-2026\/","title":{"rendered":"Racing Spirit of L\u00e9man alla 24 Ore di Le Mans 2026"},"content":{"rendered":"\n<p>L\u2019edizione 2026 della <strong>24 Ore di Le Mans<\/strong> si preannuncia storica per <strong>Racing Spirit of L\u00e9man<\/strong>. Dal 10 al 14 giugno <strong>2026,<\/strong> il team francese affronter\u00e0 il leggendario <strong>Circuit de la Sarthe <\/strong>con grandi ambizioni in questa competizione di endurance.<\/p>\n\n<h2 class=\"wp-block-heading\">Un\u2019Aston Martin Vantage LMGT3 per puntare al vertice<\/h2>\n\n<div class=\"wp-block-group is-nowrap is-layout-flex wp-container-core-group-is-layout-ad2f72ca wp-block-group-is-layout-flex\">\n<figure class=\"wp-block-image size-large\"><img data-dominant-color=\"503535\" data-has-transparency=\"false\" fetchpriority=\"high\" decoding=\"async\" width=\"1024\" height=\"1024\" src=\"https:\/\/www.hexis-graphics.com\/hexisgraphics\/2026\/04\/RSL-aston-martin-1024x1024.webp\" alt=\"Cl&#xE9;ment Mateu e la vettura #59: un equipaggio da seguire\" class=\"wp-image-58305 not-transparent\" style=\"--dominant-color: #503535; object-fit:cover\" srcset=\"https:\/\/www.hexis-graphics.com\/hexisgraphics\/2026\/04\/RSL-aston-martin-1024x1024.webp 1024w, https:\/\/www.hexis-graphics.com\/hexisgraphics\/2026\/04\/RSL-aston-martin-300x300.webp 300w, https:\/\/www.hexis-graphics.com\/hexisgraphics\/2026\/04\/RSL-aston-martin-150x150.webp 150w, https:\/\/www.hexis-graphics.com\/hexisgraphics\/2026\/04\/RSL-aston-martin-66x66.webp 66w, https:\/\/www.hexis-graphics.com\/hexisgraphics\/2026\/04\/RSL-aston-martin-400x400.webp 400w, https:\/\/www.hexis-graphics.com\/hexisgraphics\/2026\/04\/RSL-aston-martin-320x320.webp 320w, https:\/\/www.hexis-graphics.com\/hexisgraphics\/2026\/04\/RSL-aston-martin.webp 1200w\" sizes=\"(max-width: 1024px) 100vw, 1024px\" \/><\/figure>\n\n\n\n<p>La guida sar\u00e0 uno dei principali punti di forza del team. <strong>Cl\u00e9ment Mateu<\/strong>, pilota esperto e figura riconosciuta nel motorsport, sar\u00e0 al volante della vettura <strong>numero 59<\/strong>, insieme a Valentin Hasse Clot e Marius Fossard.<\/p>\n<\/div>\n\n<h2 class=\"wp-block-heading\">Obiettivi della #59 in LMGT3<\/h2>\n\n<p>La guida sar\u00e0 uno dei principali punti di forza del team. <strong>Cl\u00e9ment Mateu<\/strong>, pilota esperto e figura riconosciuta nel motorsport, sar\u00e0 al volante della vettura <strong>numero 59<\/strong>, insieme a Valentin Hasse Clot e Marius Fossard.<\/p>\n\n<h3 class=\"wp-block-heading\">Obiettivi della #59 in LMGT3<\/h3>\n\n<ul class=\"wp-block-list\">\n<li><ul>&#13;\n \t<li><strong>Costanza<\/strong>: Mantenere un ritmo elevato per tutta la gara<\/li>&#13;\n<\/ul><\/li>\n\n\n\n<li><ul>&#13;\n \t<li><strong>Prestazioni<\/strong>: Sfruttare al massimo il motore V8 biturbo<\/li>&#13;\n<\/ul><\/li>\n\n\n\n<li><ul>&#13;\n \t<li><strong>Strategia<\/strong>: Ottimizzare le soste ai box per guadagnare secondi preziosi<\/li>&#13;\n<\/ul><\/li>\n<\/ul>\n\n<h2 class=\"wp-block-heading\">Appuntamento il 13 giugno 2026<\/h2>\n\n<p>La partenza del sabato pomeriggio segner\u00e0 l\u2019inizio di una sfida intensa sotto il profilo umano e tecnico. Un weekend ricco di emozioni.<\/p>\n","protected":false},"excerpt":{"rendered":"<p>L\u2019edizione 2026 della 24 Ore di Le Mans si preannuncia storica per Racing Spirit of L\u00e9man. Dal 10 al 14 giugno 2026, il team francese affronter\u00e0 il leggendario Circuit de la Sarthe con grandi ambizioni in questa competizione di endurance. Un\u2019Aston Martin Vantage LMGT3 per puntare al vertice La guida sar\u00e0 uno dei principali punti [&hellip;]<\/p>\n","protected":false},"author":34,"featured_media":58489,"comment_status":"closed","ping_status":"closed","sticky":false,"template":"","format":"standard","meta":{"footnotes":""},"categories":[25],"tags":[],"class_list":["post-58490","post","type-post","status-publish","format-standard","has-post-thumbnail","hentry","category-notizie-it"],"yoast_head":"<!-- This site is optimized with the Yoast SEO plugin v27.4 - https:\/\/yoast.com\/product\/yoast-seo-wordpress\/ -->\n<title>Racing Spirit of L\u00e9man alla 24 Ore di Le Mans 2026 - HEXIS Graphics<\/title>\n<meta name=\"description\" content=\"Seguite la scuderia Racing Spirit of L\u00e9man e Cl\u00e9ment Mateu alla 24 Ore di Le Mans 2026, a bordo dell&#039;Aston Martin Vantage LMGT3 n. 59.\" \/>\n<meta name=\"robots\" content=\"index, follow, max-snippet:-1, max-image-preview:large, max-video-preview:-1\" \/>\n<link rel=\"canonical\" href=\"https:\/\/www.hexis-graphics.com\/it\/notizie-it\/racing-spirit-of-leman-alla-24-ore-di-le-mans-2026\/\" \/>\n<meta property=\"og:locale\" content=\"it_IT\" \/>\n<meta property=\"og:type\" content=\"article\" \/>\n<meta property=\"og:title\" content=\"Racing Spirit of L\u00e9man alla 24 Ore di Le Mans 2026 - HEXIS Graphics\" \/>\n<meta property=\"og:description\" content=\"Seguite la scuderia Racing Spirit of L\u00e9man e Cl\u00e9ment Mateu alla 24 Ore di Le Mans 2026, a bordo dell&#039;Aston Martin Vantage LMGT3 n. 59.\" \/>\n<meta property=\"og:url\" content=\"https:\/\/www.hexis-graphics.com\/it\/notizie-it\/racing-spirit-of-leman-alla-24-ore-di-le-mans-2026\/\" \/>\n<meta property=\"og:site_name\" content=\"HEXIS Graphics\" \/>\n<meta property=\"article:publisher\" content=\"https:\/\/www.facebook.com\/hexisgraphics\" \/>\n<meta property=\"article:published_time\" content=\"2026-04-27T14:56:58+00:00\" \/>\n<meta property=\"article:modified_time\" content=\"2026-04-27T15:02:39+00:00\" \/>\n<meta property=\"og:image\" content=\"https:\/\/www.hexis-graphics.com\/hexisgraphics\/2026\/04\/racing-spirit-of-leman.webp\" \/>\n\t<meta property=\"og:image:width\" content=\"800\" \/>\n\t<meta property=\"og:image:height\" content=\"1470\" \/>\n\t<meta property=\"og:image:type\" content=\"image\/png\" \/>\n<meta name=\"author\" content=\"lea.babeau@hexis.fr\" \/>\n<meta name=\"twitter:card\" content=\"summary_large_image\" \/>\n<meta name=\"twitter:creator\" content=\"@hexisgraphics\" \/>\n<meta name=\"twitter:site\" content=\"@hexisgraphics\" \/>\n<meta name=\"twitter:label1\" content=\"Scritto da\" \/>\n\t<meta name=\"twitter:data1\" content=\"lea.babeau@hexis.fr\" \/>\n\t<meta name=\"twitter:label2\" content=\"Tempo di lettura stimato\" \/>\n\t<meta name=\"twitter:data2\" content=\"1 minuto\" \/>\n<script type=\"application\/ld+json\" class=\"yoast-schema-graph\">{\"@context\":\"https:\\\/\\\/schema.org\",\"@graph\":[{\"@type\":\"Article\",\"@id\":\"https:\\\/\\\/www.hexis-graphics.com\\\/it\\\/notizie-it\\\/racing-spirit-of-leman-alla-24-ore-di-le-mans-2026\\\/#article\",\"isPartOf\":{\"@id\":\"https:\\\/\\\/www.hexis-graphics.com\\\/it\\\/notizie-it\\\/racing-spirit-of-leman-alla-24-ore-di-le-mans-2026\\\/\"},\"author\":{\"name\":\"lea.babeau@hexis.fr\",\"@id\":\"https:\\\/\\\/www.hexis-graphics.com\\\/it\\\/#\\\/schema\\\/person\\\/e7acb7d829808a0d5a5636e54adc52a4\"},\"headline\":\"Racing Spirit of L\u00e9man alla 24 Ore di Le Mans 2026\",\"datePublished\":\"2026-04-27T14:56:58+00:00\",\"dateModified\":\"2026-04-27T15:02:39+00:00\",\"mainEntityOfPage\":{\"@id\":\"https:\\\/\\\/www.hexis-graphics.com\\\/it\\\/notizie-it\\\/racing-spirit-of-leman-alla-24-ore-di-le-mans-2026\\\/\"},\"wordCount\":187,\"publisher\":{\"@id\":\"https:\\\/\\\/www.hexis-graphics.com\\\/it\\\/#organization\"},\"image\":{\"@id\":\"https:\\\/\\\/www.hexis-graphics.com\\\/it\\\/notizie-it\\\/racing-spirit-of-leman-alla-24-ore-di-le-mans-2026\\\/#primaryimage\"},\"thumbnailUrl\":\"https:\\\/\\\/www.hexis-graphics.com\\\/hexisgraphics\\\/2026\\\/04\\\/racing-spirit-of-leman.webp\",\"articleSection\":[\"Notizie\"],\"inLanguage\":\"it-IT\"},{\"@type\":\"WebPage\",\"@id\":\"https:\\\/\\\/www.hexis-graphics.com\\\/it\\\/notizie-it\\\/racing-spirit-of-leman-alla-24-ore-di-le-mans-2026\\\/\",\"url\":\"https:\\\/\\\/www.hexis-graphics.com\\\/it\\\/notizie-it\\\/racing-spirit-of-leman-alla-24-ore-di-le-mans-2026\\\/\",\"name\":\"Racing Spirit of L\u00e9man alla 24 Ore di Le Mans 2026 - HEXIS Graphics\",\"isPartOf\":{\"@id\":\"https:\\\/\\\/www.hexis-graphics.com\\\/it\\\/#website\"},\"primaryImageOfPage\":{\"@id\":\"https:\\\/\\\/www.hexis-graphics.com\\\/it\\\/notizie-it\\\/racing-spirit-of-leman-alla-24-ore-di-le-mans-2026\\\/#primaryimage\"},\"image\":{\"@id\":\"https:\\\/\\\/www.hexis-graphics.com\\\/it\\\/notizie-it\\\/racing-spirit-of-leman-alla-24-ore-di-le-mans-2026\\\/#primaryimage\"},\"thumbnailUrl\":\"https:\\\/\\\/www.hexis-graphics.com\\\/hexisgraphics\\\/2026\\\/04\\\/racing-spirit-of-leman.webp\",\"datePublished\":\"2026-04-27T14:56:58+00:00\",\"dateModified\":\"2026-04-27T15:02:39+00:00\",\"description\":\"Seguite la scuderia Racing Spirit of L\u00e9man e Cl\u00e9ment Mateu alla 24 Ore di Le Mans 2026, a bordo dell'Aston Martin Vantage LMGT3 n. 59.\",\"breadcrumb\":{\"@id\":\"https:\\\/\\\/www.hexis-graphics.com\\\/it\\\/notizie-it\\\/racing-spirit-of-leman-alla-24-ore-di-le-mans-2026\\\/#breadcrumb\"},\"inLanguage\":\"it-IT\",\"potentialAction\":[{\"@type\":\"ReadAction\",\"target\":[\"https:\\\/\\\/www.hexis-graphics.com\\\/it\\\/notizie-it\\\/racing-spirit-of-leman-alla-24-ore-di-le-mans-2026\\\/\"]}]},{\"@type\":\"ImageObject\",\"inLanguage\":\"it-IT\",\"@id\":\"https:\\\/\\\/www.hexis-graphics.com\\\/it\\\/notizie-it\\\/racing-spirit-of-leman-alla-24-ore-di-le-mans-2026\\\/#primaryimage\",\"url\":\"https:\\\/\\\/www.hexis-graphics.com\\\/hexisgraphics\\\/2026\\\/04\\\/racing-spirit-of-leman.webp\",\"contentUrl\":\"https:\\\/\\\/www.hexis-graphics.com\\\/hexisgraphics\\\/2026\\\/04\\\/racing-spirit-of-leman.webp\",\"width\":800,\"height\":1470,\"caption\":\"racing spirit of leman\"},{\"@type\":\"BreadcrumbList\",\"@id\":\"https:\\\/\\\/www.hexis-graphics.com\\\/it\\\/notizie-it\\\/racing-spirit-of-leman-alla-24-ore-di-le-mans-2026\\\/#breadcrumb\",\"itemListElement\":[{\"@type\":\"ListItem\",\"position\":1,\"name\":\"Accueil\",\"item\":\"https:\\\/\\\/www.hexis-graphics.com\\\/it\\\/\"},{\"@type\":\"ListItem\",\"position\":2,\"name\":\"Racing Spirit of L\u00e9man alla 24 Ore di Le Mans 2026\"}]},{\"@type\":\"WebSite\",\"@id\":\"https:\\\/\\\/www.hexis-graphics.com\\\/it\\\/#website\",\"url\":\"https:\\\/\\\/www.hexis-graphics.com\\\/it\\\/\",\"name\":\"HEXIS Graphics\",\"description\":\"Manufacturer of self-adhesive films\",\"publisher\":{\"@id\":\"https:\\\/\\\/www.hexis-graphics.com\\\/it\\\/#organization\"},\"potentialAction\":[{\"@type\":\"SearchAction\",\"target\":{\"@type\":\"EntryPoint\",\"urlTemplate\":\"https:\\\/\\\/www.hexis-graphics.com\\\/it\\\/?s={search_term_string}\"},\"query-input\":{\"@type\":\"PropertyValueSpecification\",\"valueRequired\":true,\"valueName\":\"search_term_string\"}}],\"inLanguage\":\"it-IT\"},{\"@type\":\"Organization\",\"@id\":\"https:\\\/\\\/www.hexis-graphics.com\\\/it\\\/#organization\",\"name\":\"HEXIS Graphics\",\"url\":\"https:\\\/\\\/www.hexis-graphics.com\\\/it\\\/\",\"logo\":{\"@type\":\"ImageObject\",\"inLanguage\":\"it-IT\",\"@id\":\"https:\\\/\\\/www.hexis-graphics.com\\\/it\\\/#\\\/schema\\\/logo\\\/image\\\/\",\"url\":\"https:\\\/\\\/www.hexis-graphics.com\\\/hexisgraphics\\\/2016\\\/05\\\/logo_HEXIS.jpg\",\"contentUrl\":\"https:\\\/\\\/www.hexis-graphics.com\\\/hexisgraphics\\\/2016\\\/05\\\/logo_HEXIS.jpg\",\"width\":250,\"height\":107,\"caption\":\"HEXIS Graphics\"},\"image\":{\"@id\":\"https:\\\/\\\/www.hexis-graphics.com\\\/it\\\/#\\\/schema\\\/logo\\\/image\\\/\"},\"sameAs\":[\"https:\\\/\\\/www.facebook.com\\\/hexisgraphics\",\"https:\\\/\\\/x.com\\\/hexisgraphics\",\"https:\\\/\\\/www.instagram.com\\\/hexisgraphics\\\/\",\"https:\\\/\\\/fr.linkedin.com\\\/company\\\/hexis-s-a-\",\"https:\\\/\\\/www.youtube.com\\\/user\\\/HEXISSA\"]},{\"@type\":\"Person\",\"@id\":\"https:\\\/\\\/www.hexis-graphics.com\\\/it\\\/#\\\/schema\\\/person\\\/e7acb7d829808a0d5a5636e54adc52a4\",\"name\":\"lea.babeau@hexis.fr\",\"image\":{\"@type\":\"ImageObject\",\"inLanguage\":\"it-IT\",\"@id\":\"https:\\\/\\\/secure.gravatar.com\\\/avatar\\\/4f46feeb1a1c580ec9cc10f82261799cf9a8df3ea099d2d60befcc18ad0d47a0?s=96&d=mm&r=g\",\"url\":\"https:\\\/\\\/secure.gravatar.com\\\/avatar\\\/4f46feeb1a1c580ec9cc10f82261799cf9a8df3ea099d2d60befcc18ad0d47a0?s=96&d=mm&r=g\",\"contentUrl\":\"https:\\\/\\\/secure.gravatar.com\\\/avatar\\\/4f46feeb1a1c580ec9cc10f82261799cf9a8df3ea099d2d60befcc18ad0d47a0?s=96&d=mm&r=g\",\"caption\":\"lea.babeau@hexis.fr\"}}]}<\/script>\n<!-- \/ Yoast SEO plugin. -->","yoast_head_json":{"title":"Racing Spirit of L\u00e9man alla 24 Ore di Le Mans 2026 - HEXIS Graphics","description":"Seguite la scuderia Racing Spirit of L\u00e9man e Cl\u00e9ment Mateu alla 24 Ore di Le Mans 2026, a bordo dell'Aston Martin Vantage LMGT3 n. 59.","robots":{"index":"index","follow":"follow","max-snippet":"max-snippet:-1","max-image-preview":"max-image-preview:large","max-video-preview":"max-video-preview:-1"},"canonical":"https:\/\/www.hexis-graphics.com\/it\/notizie-it\/racing-spirit-of-leman-alla-24-ore-di-le-mans-2026\/","og_locale":"it_IT","og_type":"article","og_title":"Racing Spirit of L\u00e9man alla 24 Ore di Le Mans 2026 - HEXIS Graphics","og_description":"Seguite la scuderia Racing Spirit of L\u00e9man e Cl\u00e9ment Mateu alla 24 Ore di Le Mans 2026, a bordo dell'Aston Martin Vantage LMGT3 n. 59.","og_url":"https:\/\/www.hexis-graphics.com\/it\/notizie-it\/racing-spirit-of-leman-alla-24-ore-di-le-mans-2026\/","og_site_name":"HEXIS Graphics","article_publisher":"https:\/\/www.facebook.com\/hexisgraphics","article_published_time":"2026-04-27T14:56:58+00:00","article_modified_time":"2026-04-27T15:02:39+00:00","og_image":[{"width":800,"height":1470,"url":"https:\/\/www.hexis-graphics.com\/hexisgraphics\/2026\/04\/racing-spirit-of-leman.webp","type":"image\/png"}],"author":"lea.babeau@hexis.fr","twitter_card":"summary_large_image","twitter_creator":"@hexisgraphics","twitter_site":"@hexisgraphics","twitter_misc":{"Scritto da":"lea.babeau@hexis.fr","Tempo di lettura stimato":"1 minuto"},"schema":{"@context":"https:\/\/schema.org","@graph":[{"@type":"Article","@id":"https:\/\/www.hexis-graphics.com\/it\/notizie-it\/racing-spirit-of-leman-alla-24-ore-di-le-mans-2026\/#article","isPartOf":{"@id":"https:\/\/www.hexis-graphics.com\/it\/notizie-it\/racing-spirit-of-leman-alla-24-ore-di-le-mans-2026\/"},"author":{"name":"lea.babeau@hexis.fr","@id":"https:\/\/www.hexis-graphics.com\/it\/#\/schema\/person\/e7acb7d829808a0d5a5636e54adc52a4"},"headline":"Racing Spirit of L\u00e9man alla 24 Ore di Le Mans 2026","datePublished":"2026-04-27T14:56:58+00:00","dateModified":"2026-04-27T15:02:39+00:00","mainEntityOfPage":{"@id":"https:\/\/www.hexis-graphics.com\/it\/notizie-it\/racing-spirit-of-leman-alla-24-ore-di-le-mans-2026\/"},"wordCount":187,"publisher":{"@id":"https:\/\/www.hexis-graphics.com\/it\/#organization"},"image":{"@id":"https:\/\/www.hexis-graphics.com\/it\/notizie-it\/racing-spirit-of-leman-alla-24-ore-di-le-mans-2026\/#primaryimage"},"thumbnailUrl":"https:\/\/www.hexis-graphics.com\/hexisgraphics\/2026\/04\/racing-spirit-of-leman.webp","articleSection":["Notizie"],"inLanguage":"it-IT"},{"@type":"WebPage","@id":"https:\/\/www.hexis-graphics.com\/it\/notizie-it\/racing-spirit-of-leman-alla-24-ore-di-le-mans-2026\/","url":"https:\/\/www.hexis-graphics.com\/it\/notizie-it\/racing-spirit-of-leman-alla-24-ore-di-le-mans-2026\/","name":"Racing Spirit of L\u00e9man alla 24 Ore di Le Mans 2026 - HEXIS Graphics","isPartOf":{"@id":"https:\/\/www.hexis-graphics.com\/it\/#website"},"primaryImageOfPage":{"@id":"https:\/\/www.hexis-graphics.com\/it\/notizie-it\/racing-spirit-of-leman-alla-24-ore-di-le-mans-2026\/#primaryimage"},"image":{"@id":"https:\/\/www.hexis-graphics.com\/it\/notizie-it\/racing-spirit-of-leman-alla-24-ore-di-le-mans-2026\/#primaryimage"},"thumbnailUrl":"https:\/\/www.hexis-graphics.com\/hexisgraphics\/2026\/04\/racing-spirit-of-leman.webp","datePublished":"2026-04-27T14:56:58+00:00","dateModified":"2026-04-27T15:02:39+00:00","description":"Seguite la scuderia Racing Spirit of L\u00e9man e Cl\u00e9ment Mateu alla 24 Ore di Le Mans 2026, a bordo dell'Aston Martin Vantage LMGT3 n. 59.","breadcrumb":{"@id":"https:\/\/www.hexis-graphics.com\/it\/notizie-it\/racing-spirit-of-leman-alla-24-ore-di-le-mans-2026\/#breadcrumb"},"inLanguage":"it-IT","potentialAction":[{"@type":"ReadAction","target":["https:\/\/www.hexis-graphics.com\/it\/notizie-it\/racing-spirit-of-leman-alla-24-ore-di-le-mans-2026\/"]}]},{"@type":"ImageObject","inLanguage":"it-IT","@id":"https:\/\/www.hexis-graphics.com\/it\/notizie-it\/racing-spirit-of-leman-alla-24-ore-di-le-mans-2026\/#primaryimage","url":"https:\/\/www.hexis-graphics.com\/hexisgraphics\/2026\/04\/racing-spirit-of-leman.webp","contentUrl":"https:\/\/www.hexis-graphics.com\/hexisgraphics\/2026\/04\/racing-spirit-of-leman.webp","width":800,"height":1470,"caption":"racing spirit of leman"},{"@type":"BreadcrumbList","@id":"https:\/\/www.hexis-graphics.com\/it\/notizie-it\/racing-spirit-of-leman-alla-24-ore-di-le-mans-2026\/#breadcrumb","itemListElement":[{"@type":"ListItem","position":1,"name":"Accueil","item":"https:\/\/www.hexis-graphics.com\/it\/"},{"@type":"ListItem","position":2,"name":"Racing Spirit of L\u00e9man alla 24 Ore di Le Mans 2026"}]},{"@type":"WebSite","@id":"https:\/\/www.hexis-graphics.com\/it\/#website","url":"https:\/\/www.hexis-graphics.com\/it\/","name":"HEXIS Graphics","description":"Manufacturer of self-adhesive films","publisher":{"@id":"https:\/\/www.hexis-graphics.com\/it\/#organization"},"potentialAction":[{"@type":"SearchAction","target":{"@type":"EntryPoint","urlTemplate":"https:\/\/www.hexis-graphics.com\/it\/?s={search_term_string}"},"query-input":{"@type":"PropertyValueSpecification","valueRequired":true,"valueName":"search_term_string"}}],"inLanguage":"it-IT"},{"@type":"Organization","@id":"https:\/\/www.hexis-graphics.com\/it\/#organization","name":"HEXIS Graphics","url":"https:\/\/www.hexis-graphics.com\/it\/","logo":{"@type":"ImageObject","inLanguage":"it-IT","@id":"https:\/\/www.hexis-graphics.com\/it\/#\/schema\/logo\/image\/","url":"https:\/\/www.hexis-graphics.com\/hexisgraphics\/2016\/05\/logo_HEXIS.jpg","contentUrl":"https:\/\/www.hexis-graphics.com\/hexisgraphics\/2016\/05\/logo_HEXIS.jpg","width":250,"height":107,"caption":"HEXIS Graphics"},"image":{"@id":"https:\/\/www.hexis-graphics.com\/it\/#\/schema\/logo\/image\/"},"sameAs":["https:\/\/www.facebook.com\/hexisgraphics","https:\/\/x.com\/hexisgraphics","https:\/\/www.instagram.com\/hexisgraphics\/","https:\/\/fr.linkedin.com\/company\/hexis-s-a-","https:\/\/www.youtube.com\/user\/HEXISSA"]},{"@type":"Person","@id":"https:\/\/www.hexis-graphics.com\/it\/#\/schema\/person\/e7acb7d829808a0d5a5636e54adc52a4","name":"lea.babeau@hexis.fr","image":{"@type":"ImageObject","inLanguage":"it-IT","@id":"https:\/\/secure.gravatar.com\/avatar\/4f46feeb1a1c580ec9cc10f82261799cf9a8df3ea099d2d60befcc18ad0d47a0?s=96&d=mm&r=g","url":"https:\/\/secure.gravatar.com\/avatar\/4f46feeb1a1c580ec9cc10f82261799cf9a8df3ea099d2d60befcc18ad0d47a0?s=96&d=mm&r=g","contentUrl":"https:\/\/secure.gravatar.com\/avatar\/4f46feeb1a1c580ec9cc10f82261799cf9a8df3ea099d2d60befcc18ad0d47a0?s=96&d=mm&r=g","caption":"lea.babeau@hexis.fr"}}]}},"_links":{"self":[{"href":"https:\/\/www.hexis-graphics.com\/it\/wp-json\/wp\/v2\/posts\/58490","targetHints":{"allow":["GET"]}}],"collection":[{"href":"https:\/\/www.hexis-graphics.com\/it\/wp-json\/wp\/v2\/posts"}],"about":[{"href":"https:\/\/www.hexis-graphics.com\/it\/wp-json\/wp\/v2\/types\/post"}],"author":[{"embeddable":true,"href":"https:\/\/www.hexis-graphics.com\/it\/wp-json\/wp\/v2\/users\/34"}],"replies":[{"embeddable":true,"href":"https:\/\/www.hexis-graphics.com\/it\/wp-json\/wp\/v2\/comments?post=58490"}],"version-history":[{"count":3,"href":"https:\/\/www.hexis-graphics.com\/it\/wp-json\/wp\/v2\/posts\/58490\/revisions"}],"predecessor-version":[{"id":58496,"href":"https:\/\/www.hexis-graphics.com\/it\/wp-json\/wp\/v2\/posts\/58490\/revisions\/58496"}],"wp:featuredmedia":[{"embeddable":true,"href":"https:\/\/www.hexis-graphics.com\/it\/wp-json\/wp\/v2\/media\/58489"}],"wp:attachment":[{"href":"https:\/\/www.hexis-graphics.com\/it\/wp-json\/wp\/v2\/media?parent=58490"}],"wp:term":[{"taxonomy":"category","embeddable":true,"href":"https:\/\/www.hexis-graphics.com\/it\/wp-json\/wp\/v2\/categories?post=58490"},{"taxonomy":"post_tag","embeddable":true,"href":"https:\/\/www.hexis-graphics.com\/it\/wp-json\/wp\/v2\/tags?post=58490"}],"curies":[{"name":"wp","href":"https:\/\/api.w.org\/{rel}","templated":true}]}}