{"id":40376,"date":"2022-09-28T13:06:56","date_gmt":"2022-09-28T13:06:56","guid":{"rendered":"https:\/\/www.hexis-graphics.com\/?p=40376"},"modified":"2023-01-30T13:33:41","modified_gmt":"2023-01-30T13:33:41","slug":"hexis-cintribuisce-alla-mobilita-verde","status":"publish","type":"post","link":"https:\/\/www.hexis-graphics.com\/it\/notizie-it\/hexis-cintribuisce-alla-mobilita-verde\/","title":{"rendered":"HEXIS contribuisce alla mobilit\u00e0 verde"},"content":{"rendered":"<h1><strong>Mobilit\u00e0 verde, autonomia e film adesivi<\/strong><\/h1>\n<p>HEXIS non smette mai di analizzare l&#8217;evoluzione del settore in cui opera e, per questo motivo, si impegna a sostenere progetti legati all&#8217;ecologia e alla <strong>mobilit\u00e0<\/strong> <strong>verde<\/strong>. Sfide, idee nuove e ambizioni: \u00e8 questo il paradigma che ha convinto i team di <a href=\"https:\/\/www.hexis-graphics.com\/it\/it-4\/\" target=\"_blank\" rel=\"noopener\">HEXIS<\/a>.<\/p>\n<p>Jean-Baptiste LOISELET aveva intenzione di fare un giro della Francia a impatto zero utilizzando solo energie rinnovabili, il tutto a bordo di un aliante. Cos\u00ec ha dato vita al progetto <em>Des ailes pour la plan\u00e8te<\/em> (ali per il pianeta). Ha progettato un aliante con pannelli solari sulle ali. Questi pannelli avrebbero dovuto fornire l&#8217;energia necessaria a far decollare il veicolo in modo del tutto autonomo ogni giorno. Dopo aver testato per mesi i pannelli solari e averne confermato l\u2019efficacia, arriv\u00f2 il momento di pensare alla loro conservazione. A tal fine, i requisiti erano leggerezza, sottigliezza ed elevata protezione dai raggi UV. La sostenibilit\u00e0 del viaggio richiedeva la <strong>protezione<\/strong> delle ali dell&#8217;aliante che contengono i pannelli solari.<\/p>\n<h2><strong>HEXIS favorisce le energie rinnovabili<\/strong><\/h2>\n<p>La qualit\u00e0 dei <a href=\"https:\/\/www.hexis-online.com\/\" target=\"_blank\" rel=\"noopener\">film adesivi<\/a> HEXIS \u00e8 riconosciuta ovunque e per Jean-Baptiste hanno rappresentato la soluzione che stava cercando. Per le ali dell&#8217;aliante ha scelto un <strong>film di protezione trasparente<\/strong>. La pellicola HEXIS selezionata garantisce la longevit\u00e0 dei pannelli solari, il tutto senza compromettere lo scopo primario dell&#8217;operazione: recuperare energia solare. Le propriet\u00e0 tecniche del <strong>film<\/strong> <strong>adesivo<\/strong> <strong>di protezione<\/strong> apportano prestazioni ineguagliabili. Questo garantisce risultati ottimali, senza appesantire l&#8217;aliante, e con una facilit\u00e0 di pulizia estrema.<\/p>\n<p>Il modo migliore per testare il film adesivo \u00e8 metterlo alla prova in condizioni reali. Cos\u00ec ad agosto 2022, Jean-Baptiste parte per il suo giro di Francia e ne testa la robustezza.<\/p>\n<p>&#8220;Il film ha soddisfatto tutte le mie esigenze, non si \u00e8 danneggiato molto, nonostante l&#8217;abuso che ne ho fatto&#8221; &#8211; Jean-Baptiste LOISELET, dopo il suo giro di Francia in aliante (17 tappe, 2.500 km in aria).<\/p>\n<p>HEXIS \u00e8 orgogliosa di sostenere progetti di <strong>mobilit\u00e0<\/strong> <strong>verde<\/strong>. I team HEXIS desiderano ringraziare Jean-Baptiste per la sua fiducia e per il suo meraviglioso progetto.<\/p>\n<p>Ci vediamo presto per il giro del mondo!<\/p>\n","protected":false},"excerpt":{"rendered":"<p>Mobilit\u00e0 verde, autonomia e film adesivi HEXIS non smette mai di analizzare l&#8217;evoluzione del settore in cui opera e, per questo motivo, si impegna a sostenere progetti legati all&#8217;ecologia e alla mobilit\u00e0 verde. Sfide, idee nuove e ambizioni: \u00e8 questo il paradigma che ha convinto i team di HEXIS. Jean-Baptiste LOISELET aveva intenzione di fare [&hellip;]<\/p>\n","protected":false},"author":34,"featured_media":40358,"comment_status":"closed","ping_status":"closed","sticky":false,"template":"","format":"standard","meta":{"footnotes":""},"categories":[25],"tags":[],"class_list":["post-40376","post","type-post","status-publish","format-standard","has-post-thumbnail","hentry","category-notizie-it"],"yoast_head":"<!-- This site is optimized with the Yoast SEO plugin v27.4 - https:\/\/yoast.com\/product\/yoast-seo-wordpress\/ -->\n<title>HEXIS contribuisce alla mobilit\u00e0 verde - HEXIS Graphics<\/title>\n<meta name=\"description\" content=\"Viaggiare in modo pi\u00f9 responsabile \u00e8 una delle principali sfide del secolo. HEXIS sostiene Jean-Baptiste LOISELET nel suo progetto di mobilit\u00e0 verde.\" \/>\n<meta name=\"robots\" content=\"index, follow, max-snippet:-1, max-image-preview:large, max-video-preview:-1\" \/>\n<link rel=\"canonical\" href=\"https:\/\/www.hexis-graphics.com\/it\/notizie-it\/hexis-cintribuisce-alla-mobilita-verde\/\" \/>\n<meta property=\"og:locale\" content=\"it_IT\" \/>\n<meta property=\"og:type\" content=\"article\" \/>\n<meta property=\"og:title\" content=\"HEXIS contribuisce alla mobilit\u00e0 verde - HEXIS Graphics\" \/>\n<meta property=\"og:description\" content=\"Viaggiare in modo pi\u00f9 responsabile \u00e8 una delle principali sfide del secolo. HEXIS sostiene Jean-Baptiste LOISELET nel suo progetto di mobilit\u00e0 verde.\" \/>\n<meta property=\"og:url\" content=\"https:\/\/www.hexis-graphics.com\/it\/notizie-it\/hexis-cintribuisce-alla-mobilita-verde\/\" \/>\n<meta property=\"og:site_name\" content=\"HEXIS Graphics\" \/>\n<meta property=\"article:publisher\" content=\"https:\/\/www.facebook.com\/hexisgraphics\" \/>\n<meta property=\"article:published_time\" content=\"2022-09-28T13:06:56+00:00\" \/>\n<meta property=\"article:modified_time\" content=\"2023-01-30T13:33:41+00:00\" \/>\n<meta property=\"og:image\" content=\"https:\/\/www.hexis-graphics.com\/hexisgraphics\/2022\/09\/HEXIS-mobilit\u00e9-verte-1.png\" \/>\n\t<meta property=\"og:image:width\" content=\"374\" \/>\n\t<meta property=\"og:image:height\" content=\"248\" \/>\n\t<meta property=\"og:image:type\" content=\"image\/png\" \/>\n<meta name=\"author\" content=\"lea.babeau@hexis.fr\" \/>\n<meta name=\"twitter:card\" content=\"summary_large_image\" \/>\n<meta name=\"twitter:creator\" content=\"@hexisgraphics\" \/>\n<meta name=\"twitter:site\" content=\"@hexisgraphics\" \/>\n<meta name=\"twitter:label1\" content=\"Scritto da\" \/>\n\t<meta name=\"twitter:data1\" content=\"lea.babeau@hexis.fr\" \/>\n\t<meta name=\"twitter:label2\" content=\"Tempo di lettura stimato\" \/>\n\t<meta name=\"twitter:data2\" content=\"2 minuti\" \/>\n<script type=\"application\/ld+json\" class=\"yoast-schema-graph\">{\"@context\":\"https:\\\/\\\/schema.org\",\"@graph\":[{\"@type\":\"Article\",\"@id\":\"https:\\\/\\\/www.hexis-graphics.com\\\/it\\\/notizie-it\\\/hexis-cintribuisce-alla-mobilita-verde\\\/#article\",\"isPartOf\":{\"@id\":\"https:\\\/\\\/www.hexis-graphics.com\\\/it\\\/notizie-it\\\/hexis-cintribuisce-alla-mobilita-verde\\\/\"},\"author\":{\"name\":\"lea.babeau@hexis.fr\",\"@id\":\"https:\\\/\\\/www.hexis-graphics.com\\\/it\\\/#\\\/schema\\\/person\\\/e7acb7d829808a0d5a5636e54adc52a4\"},\"headline\":\"HEXIS contribuisce alla mobilit\u00e0 verde\",\"datePublished\":\"2022-09-28T13:06:56+00:00\",\"dateModified\":\"2023-01-30T13:33:41+00:00\",\"mainEntityOfPage\":{\"@id\":\"https:\\\/\\\/www.hexis-graphics.com\\\/it\\\/notizie-it\\\/hexis-cintribuisce-alla-mobilita-verde\\\/\"},\"wordCount\":354,\"publisher\":{\"@id\":\"https:\\\/\\\/www.hexis-graphics.com\\\/it\\\/#organization\"},\"image\":{\"@id\":\"https:\\\/\\\/www.hexis-graphics.com\\\/it\\\/notizie-it\\\/hexis-cintribuisce-alla-mobilita-verde\\\/#primaryimage\"},\"thumbnailUrl\":\"https:\\\/\\\/www.hexis-graphics.com\\\/hexisgraphics\\\/2022\\\/09\\\/HEXIS-mobilit\u00e9-verte-1.png\",\"articleSection\":[\"Notizie\"],\"inLanguage\":\"it-IT\"},{\"@type\":\"WebPage\",\"@id\":\"https:\\\/\\\/www.hexis-graphics.com\\\/it\\\/notizie-it\\\/hexis-cintribuisce-alla-mobilita-verde\\\/\",\"url\":\"https:\\\/\\\/www.hexis-graphics.com\\\/it\\\/notizie-it\\\/hexis-cintribuisce-alla-mobilita-verde\\\/\",\"name\":\"HEXIS contribuisce alla mobilit\u00e0 verde - HEXIS Graphics\",\"isPartOf\":{\"@id\":\"https:\\\/\\\/www.hexis-graphics.com\\\/it\\\/#website\"},\"primaryImageOfPage\":{\"@id\":\"https:\\\/\\\/www.hexis-graphics.com\\\/it\\\/notizie-it\\\/hexis-cintribuisce-alla-mobilita-verde\\\/#primaryimage\"},\"image\":{\"@id\":\"https:\\\/\\\/www.hexis-graphics.com\\\/it\\\/notizie-it\\\/hexis-cintribuisce-alla-mobilita-verde\\\/#primaryimage\"},\"thumbnailUrl\":\"https:\\\/\\\/www.hexis-graphics.com\\\/hexisgraphics\\\/2022\\\/09\\\/HEXIS-mobilit\u00e9-verte-1.png\",\"datePublished\":\"2022-09-28T13:06:56+00:00\",\"dateModified\":\"2023-01-30T13:33:41+00:00\",\"description\":\"Viaggiare in modo pi\u00f9 responsabile \u00e8 una delle principali sfide del secolo. HEXIS sostiene Jean-Baptiste LOISELET nel suo progetto di mobilit\u00e0 verde.\",\"breadcrumb\":{\"@id\":\"https:\\\/\\\/www.hexis-graphics.com\\\/it\\\/notizie-it\\\/hexis-cintribuisce-alla-mobilita-verde\\\/#breadcrumb\"},\"inLanguage\":\"it-IT\",\"potentialAction\":[{\"@type\":\"ReadAction\",\"target\":[\"https:\\\/\\\/www.hexis-graphics.com\\\/it\\\/notizie-it\\\/hexis-cintribuisce-alla-mobilita-verde\\\/\"]}]},{\"@type\":\"ImageObject\",\"inLanguage\":\"it-IT\",\"@id\":\"https:\\\/\\\/www.hexis-graphics.com\\\/it\\\/notizie-it\\\/hexis-cintribuisce-alla-mobilita-verde\\\/#primaryimage\",\"url\":\"https:\\\/\\\/www.hexis-graphics.com\\\/hexisgraphics\\\/2022\\\/09\\\/HEXIS-mobilit\u00e9-verte-1.png\",\"contentUrl\":\"https:\\\/\\\/www.hexis-graphics.com\\\/hexisgraphics\\\/2022\\\/09\\\/HEXIS-mobilit\u00e9-verte-1.png\",\"width\":374,\"height\":248,\"caption\":\"mobilit\u00e0 verde\"},{\"@type\":\"BreadcrumbList\",\"@id\":\"https:\\\/\\\/www.hexis-graphics.com\\\/it\\\/notizie-it\\\/hexis-cintribuisce-alla-mobilita-verde\\\/#breadcrumb\",\"itemListElement\":[{\"@type\":\"ListItem\",\"position\":1,\"name\":\"Accueil\",\"item\":\"https:\\\/\\\/www.hexis-graphics.com\\\/it\\\/\"},{\"@type\":\"ListItem\",\"position\":2,\"name\":\"HEXIS contribuisce alla mobilit\u00e0 verde\"}]},{\"@type\":\"WebSite\",\"@id\":\"https:\\\/\\\/www.hexis-graphics.com\\\/it\\\/#website\",\"url\":\"https:\\\/\\\/www.hexis-graphics.com\\\/it\\\/\",\"name\":\"HEXIS Graphics\",\"description\":\"Manufacturer of self-adhesive films\",\"publisher\":{\"@id\":\"https:\\\/\\\/www.hexis-graphics.com\\\/it\\\/#organization\"},\"potentialAction\":[{\"@type\":\"SearchAction\",\"target\":{\"@type\":\"EntryPoint\",\"urlTemplate\":\"https:\\\/\\\/www.hexis-graphics.com\\\/it\\\/?s={search_term_string}\"},\"query-input\":{\"@type\":\"PropertyValueSpecification\",\"valueRequired\":true,\"valueName\":\"search_term_string\"}}],\"inLanguage\":\"it-IT\"},{\"@type\":\"Organization\",\"@id\":\"https:\\\/\\\/www.hexis-graphics.com\\\/it\\\/#organization\",\"name\":\"HEXIS Graphics\",\"url\":\"https:\\\/\\\/www.hexis-graphics.com\\\/it\\\/\",\"logo\":{\"@type\":\"ImageObject\",\"inLanguage\":\"it-IT\",\"@id\":\"https:\\\/\\\/www.hexis-graphics.com\\\/it\\\/#\\\/schema\\\/logo\\\/image\\\/\",\"url\":\"https:\\\/\\\/www.hexis-graphics.com\\\/hexisgraphics\\\/2016\\\/05\\\/logo_HEXIS.jpg\",\"contentUrl\":\"https:\\\/\\\/www.hexis-graphics.com\\\/hexisgraphics\\\/2016\\\/05\\\/logo_HEXIS.jpg\",\"width\":250,\"height\":107,\"caption\":\"HEXIS Graphics\"},\"image\":{\"@id\":\"https:\\\/\\\/www.hexis-graphics.com\\\/it\\\/#\\\/schema\\\/logo\\\/image\\\/\"},\"sameAs\":[\"https:\\\/\\\/www.facebook.com\\\/hexisgraphics\",\"https:\\\/\\\/x.com\\\/hexisgraphics\",\"https:\\\/\\\/www.instagram.com\\\/hexisgraphics\\\/\",\"https:\\\/\\\/fr.linkedin.com\\\/company\\\/hexis-s-a-\",\"https:\\\/\\\/www.youtube.com\\\/user\\\/HEXISSA\"]},{\"@type\":\"Person\",\"@id\":\"https:\\\/\\\/www.hexis-graphics.com\\\/it\\\/#\\\/schema\\\/person\\\/e7acb7d829808a0d5a5636e54adc52a4\",\"name\":\"lea.babeau@hexis.fr\",\"image\":{\"@type\":\"ImageObject\",\"inLanguage\":\"it-IT\",\"@id\":\"https:\\\/\\\/secure.gravatar.com\\\/avatar\\\/4f46feeb1a1c580ec9cc10f82261799cf9a8df3ea099d2d60befcc18ad0d47a0?s=96&d=mm&r=g\",\"url\":\"https:\\\/\\\/secure.gravatar.com\\\/avatar\\\/4f46feeb1a1c580ec9cc10f82261799cf9a8df3ea099d2d60befcc18ad0d47a0?s=96&d=mm&r=g\",\"contentUrl\":\"https:\\\/\\\/secure.gravatar.com\\\/avatar\\\/4f46feeb1a1c580ec9cc10f82261799cf9a8df3ea099d2d60befcc18ad0d47a0?s=96&d=mm&r=g\",\"caption\":\"lea.babeau@hexis.fr\"}}]}<\/script>\n<!-- \/ Yoast SEO plugin. -->","yoast_head_json":{"title":"HEXIS contribuisce alla mobilit\u00e0 verde - HEXIS Graphics","description":"Viaggiare in modo pi\u00f9 responsabile \u00e8 una delle principali sfide del secolo. HEXIS sostiene Jean-Baptiste LOISELET nel suo progetto di mobilit\u00e0 verde.","robots":{"index":"index","follow":"follow","max-snippet":"max-snippet:-1","max-image-preview":"max-image-preview:large","max-video-preview":"max-video-preview:-1"},"canonical":"https:\/\/www.hexis-graphics.com\/it\/notizie-it\/hexis-cintribuisce-alla-mobilita-verde\/","og_locale":"it_IT","og_type":"article","og_title":"HEXIS contribuisce alla mobilit\u00e0 verde - HEXIS Graphics","og_description":"Viaggiare in modo pi\u00f9 responsabile \u00e8 una delle principali sfide del secolo. HEXIS sostiene Jean-Baptiste LOISELET nel suo progetto di mobilit\u00e0 verde.","og_url":"https:\/\/www.hexis-graphics.com\/it\/notizie-it\/hexis-cintribuisce-alla-mobilita-verde\/","og_site_name":"HEXIS Graphics","article_publisher":"https:\/\/www.facebook.com\/hexisgraphics","article_published_time":"2022-09-28T13:06:56+00:00","article_modified_time":"2023-01-30T13:33:41+00:00","og_image":[{"width":374,"height":248,"url":"https:\/\/www.hexis-graphics.com\/hexisgraphics\/2022\/09\/HEXIS-mobilit\u00e9-verte-1.png","type":"image\/png"}],"author":"lea.babeau@hexis.fr","twitter_card":"summary_large_image","twitter_creator":"@hexisgraphics","twitter_site":"@hexisgraphics","twitter_misc":{"Scritto da":"lea.babeau@hexis.fr","Tempo di lettura stimato":"2 minuti"},"schema":{"@context":"https:\/\/schema.org","@graph":[{"@type":"Article","@id":"https:\/\/www.hexis-graphics.com\/it\/notizie-it\/hexis-cintribuisce-alla-mobilita-verde\/#article","isPartOf":{"@id":"https:\/\/www.hexis-graphics.com\/it\/notizie-it\/hexis-cintribuisce-alla-mobilita-verde\/"},"author":{"name":"lea.babeau@hexis.fr","@id":"https:\/\/www.hexis-graphics.com\/it\/#\/schema\/person\/e7acb7d829808a0d5a5636e54adc52a4"},"headline":"HEXIS contribuisce alla mobilit\u00e0 verde","datePublished":"2022-09-28T13:06:56+00:00","dateModified":"2023-01-30T13:33:41+00:00","mainEntityOfPage":{"@id":"https:\/\/www.hexis-graphics.com\/it\/notizie-it\/hexis-cintribuisce-alla-mobilita-verde\/"},"wordCount":354,"publisher":{"@id":"https:\/\/www.hexis-graphics.com\/it\/#organization"},"image":{"@id":"https:\/\/www.hexis-graphics.com\/it\/notizie-it\/hexis-cintribuisce-alla-mobilita-verde\/#primaryimage"},"thumbnailUrl":"https:\/\/www.hexis-graphics.com\/hexisgraphics\/2022\/09\/HEXIS-mobilit\u00e9-verte-1.png","articleSection":["Notizie"],"inLanguage":"it-IT"},{"@type":"WebPage","@id":"https:\/\/www.hexis-graphics.com\/it\/notizie-it\/hexis-cintribuisce-alla-mobilita-verde\/","url":"https:\/\/www.hexis-graphics.com\/it\/notizie-it\/hexis-cintribuisce-alla-mobilita-verde\/","name":"HEXIS contribuisce alla mobilit\u00e0 verde - HEXIS Graphics","isPartOf":{"@id":"https:\/\/www.hexis-graphics.com\/it\/#website"},"primaryImageOfPage":{"@id":"https:\/\/www.hexis-graphics.com\/it\/notizie-it\/hexis-cintribuisce-alla-mobilita-verde\/#primaryimage"},"image":{"@id":"https:\/\/www.hexis-graphics.com\/it\/notizie-it\/hexis-cintribuisce-alla-mobilita-verde\/#primaryimage"},"thumbnailUrl":"https:\/\/www.hexis-graphics.com\/hexisgraphics\/2022\/09\/HEXIS-mobilit\u00e9-verte-1.png","datePublished":"2022-09-28T13:06:56+00:00","dateModified":"2023-01-30T13:33:41+00:00","description":"Viaggiare in modo pi\u00f9 responsabile \u00e8 una delle principali sfide del secolo. HEXIS sostiene Jean-Baptiste LOISELET nel suo progetto di mobilit\u00e0 verde.","breadcrumb":{"@id":"https:\/\/www.hexis-graphics.com\/it\/notizie-it\/hexis-cintribuisce-alla-mobilita-verde\/#breadcrumb"},"inLanguage":"it-IT","potentialAction":[{"@type":"ReadAction","target":["https:\/\/www.hexis-graphics.com\/it\/notizie-it\/hexis-cintribuisce-alla-mobilita-verde\/"]}]},{"@type":"ImageObject","inLanguage":"it-IT","@id":"https:\/\/www.hexis-graphics.com\/it\/notizie-it\/hexis-cintribuisce-alla-mobilita-verde\/#primaryimage","url":"https:\/\/www.hexis-graphics.com\/hexisgraphics\/2022\/09\/HEXIS-mobilit\u00e9-verte-1.png","contentUrl":"https:\/\/www.hexis-graphics.com\/hexisgraphics\/2022\/09\/HEXIS-mobilit\u00e9-verte-1.png","width":374,"height":248,"caption":"mobilit\u00e0 verde"},{"@type":"BreadcrumbList","@id":"https:\/\/www.hexis-graphics.com\/it\/notizie-it\/hexis-cintribuisce-alla-mobilita-verde\/#breadcrumb","itemListElement":[{"@type":"ListItem","position":1,"name":"Accueil","item":"https:\/\/www.hexis-graphics.com\/it\/"},{"@type":"ListItem","position":2,"name":"HEXIS contribuisce alla mobilit\u00e0 verde"}]},{"@type":"WebSite","@id":"https:\/\/www.hexis-graphics.com\/it\/#website","url":"https:\/\/www.hexis-graphics.com\/it\/","name":"HEXIS Graphics","description":"Manufacturer of self-adhesive films","publisher":{"@id":"https:\/\/www.hexis-graphics.com\/it\/#organization"},"potentialAction":[{"@type":"SearchAction","target":{"@type":"EntryPoint","urlTemplate":"https:\/\/www.hexis-graphics.com\/it\/?s={search_term_string}"},"query-input":{"@type":"PropertyValueSpecification","valueRequired":true,"valueName":"search_term_string"}}],"inLanguage":"it-IT"},{"@type":"Organization","@id":"https:\/\/www.hexis-graphics.com\/it\/#organization","name":"HEXIS Graphics","url":"https:\/\/www.hexis-graphics.com\/it\/","logo":{"@type":"ImageObject","inLanguage":"it-IT","@id":"https:\/\/www.hexis-graphics.com\/it\/#\/schema\/logo\/image\/","url":"https:\/\/www.hexis-graphics.com\/hexisgraphics\/2016\/05\/logo_HEXIS.jpg","contentUrl":"https:\/\/www.hexis-graphics.com\/hexisgraphics\/2016\/05\/logo_HEXIS.jpg","width":250,"height":107,"caption":"HEXIS Graphics"},"image":{"@id":"https:\/\/www.hexis-graphics.com\/it\/#\/schema\/logo\/image\/"},"sameAs":["https:\/\/www.facebook.com\/hexisgraphics","https:\/\/x.com\/hexisgraphics","https:\/\/www.instagram.com\/hexisgraphics\/","https:\/\/fr.linkedin.com\/company\/hexis-s-a-","https:\/\/www.youtube.com\/user\/HEXISSA"]},{"@type":"Person","@id":"https:\/\/www.hexis-graphics.com\/it\/#\/schema\/person\/e7acb7d829808a0d5a5636e54adc52a4","name":"lea.babeau@hexis.fr","image":{"@type":"ImageObject","inLanguage":"it-IT","@id":"https:\/\/secure.gravatar.com\/avatar\/4f46feeb1a1c580ec9cc10f82261799cf9a8df3ea099d2d60befcc18ad0d47a0?s=96&d=mm&r=g","url":"https:\/\/secure.gravatar.com\/avatar\/4f46feeb1a1c580ec9cc10f82261799cf9a8df3ea099d2d60befcc18ad0d47a0?s=96&d=mm&r=g","contentUrl":"https:\/\/secure.gravatar.com\/avatar\/4f46feeb1a1c580ec9cc10f82261799cf9a8df3ea099d2d60befcc18ad0d47a0?s=96&d=mm&r=g","caption":"lea.babeau@hexis.fr"}}]}},"_links":{"self":[{"href":"https:\/\/www.hexis-graphics.com\/it\/wp-json\/wp\/v2\/posts\/40376","targetHints":{"allow":["GET"]}}],"collection":[{"href":"https:\/\/www.hexis-graphics.com\/it\/wp-json\/wp\/v2\/posts"}],"about":[{"href":"https:\/\/www.hexis-graphics.com\/it\/wp-json\/wp\/v2\/types\/post"}],"author":[{"embeddable":true,"href":"https:\/\/www.hexis-graphics.com\/it\/wp-json\/wp\/v2\/users\/34"}],"replies":[{"embeddable":true,"href":"https:\/\/www.hexis-graphics.com\/it\/wp-json\/wp\/v2\/comments?post=40376"}],"version-history":[{"count":3,"href":"https:\/\/www.hexis-graphics.com\/it\/wp-json\/wp\/v2\/posts\/40376\/revisions"}],"predecessor-version":[{"id":42568,"href":"https:\/\/www.hexis-graphics.com\/it\/wp-json\/wp\/v2\/posts\/40376\/revisions\/42568"}],"wp:featuredmedia":[{"embeddable":true,"href":"https:\/\/www.hexis-graphics.com\/it\/wp-json\/wp\/v2\/media\/40358"}],"wp:attachment":[{"href":"https:\/\/www.hexis-graphics.com\/it\/wp-json\/wp\/v2\/media?parent=40376"}],"wp:term":[{"taxonomy":"category","embeddable":true,"href":"https:\/\/www.hexis-graphics.com\/it\/wp-json\/wp\/v2\/categories?post=40376"},{"taxonomy":"post_tag","embeddable":true,"href":"https:\/\/www.hexis-graphics.com\/it\/wp-json\/wp\/v2\/tags?post=40376"}],"curies":[{"name":"wp","href":"https:\/\/api.w.org\/{rel}","templated":true}]}}