{"id":21063,"date":"2017-09-07T07:10:10","date_gmt":"2017-09-07T07:10:10","guid":{"rendered":"https:\/\/www.hexis-graphics.com\/?p=21063\/"},"modified":"2017-09-13T18:56:13","modified_gmt":"2017-09-13T18:56:13","slug":"le-groupe-hexis-annonce-un-plan-dinvestissement-de-17-millions-deuros","status":"publish","type":"post","link":"https:\/\/www.hexis-graphics.com\/fr\/actualites\/le-groupe-hexis-annonce-un-plan-dinvestissement-de-17-millions-deuros\/","title":{"rendered":"Le groupe HEXIS annonce un plan d\u2019investissement de 17 millions d\u2019euros"},"content":{"rendered":"<p class=\"p2\"><span class=\"s1\" style=\"color: #cc3333;\"><i>Le groupe HEXIS d\u00e9voile son plan d&rsquo;investissement pour les 3 ann\u00e9es \u00e0 venir.<\/i><\/span><\/p>\n<p class=\"p3\"  style=\"text-align: justify;\"><span class=\"s1\">Un engagement de 17 millions d&rsquo;euros accompagne jusqu&rsquo;en 2020 le plan quinquennal strat\u00e9gique de l&rsquo;entreprise. Ces investissements porteront simultan\u00e9ment sur des acquisitions de foncier, la modernisation des outils de production et l&rsquo;ajout d&rsquo;une nouvelle ligne de fabrication.<\/span><\/p>\n<p class=\"p3\"  style=\"text-align: justify;\"><span class=\"s1\">Ils permettront au Groupe HEXIS d&rsquo;avoir 2 sites de production parfaitement autonomes, ce qui est capital pour la p\u00e9rennit\u00e9 et le d\u00e9ploiement du groupe HEXIS \u00e0 l&rsquo;horizon 2020. Gr\u00e2ces \u00e0 ces sites, le groupe HEXIS poursuivra son d\u00e9veloppement sur des march\u00e9s fortement porteurs n\u00e9cessitant des produits high-tech avec comme objectif d&rsquo;en devenir un acteur majeur.<\/span><\/p>\n<p class=\"p4\"><strong><span class=\"s1\">ACQUISITIONS FONCI\u00c8RES<\/span><\/strong><\/p>\n<p class=\"p3\"  style=\"text-align: justify;\"><span class=\"s1\">Au si\u00e8ge de Frontignan (34110), l&rsquo;acquisition en septembre 2017 d&rsquo;un terrain jouxtant le site actuel permettra de r\u00e9organiser les flux, renforcer la s\u00e9curit\u00e9 des biens et des personnes.<\/span><\/p>\n<p class=\"p3\"  style=\"text-align: justify;\"><span class=\"s1\">Dans les filiales commerciales en Espagne, aux Antilles et en Scandinavie, l&rsquo;acquisition de terrains va permettre la construction en propre des b\u00e2timents administratifs, logistiques et de formation. Ces infrastructures renforceront l&rsquo;ind\u00e9pendance des filiales, permettant une r\u00e9activit\u00e9 et un service clients accrus.<\/span><\/p>\n<p class=\"p4\"><strong><span class=\"s1\">NOUVELLE LIGNE DE PRODUCTION<\/span><\/strong><\/p>\n<p class=\"p3\"  style=\"text-align: justify;\"><span class=\"s1\">Sur le site industriel d&rsquo;Hagetmau (40700), la construction et le d\u00e9marrage en 2018 d&rsquo;une ligne CAST 4 sous environnement contr\u00f4l\u00e9 permettra d&rsquo;augmenter tr\u00e8s significativement la capacit\u00e9 de production des gammes sp\u00e9cifiques et techniques, d\u00e9gageant dans le m\u00eame temps des capacit\u00e9s sur le site de Frontignan, ce qui permettra d&rsquo;augmenter la r\u00e9activit\u00e9 et la flexibilit\u00e9 de l&rsquo;entreprise.<\/span><\/p>\n<p class=\"p3\"  style=\"text-align: justify;\"><span class=\"s1\">En parall\u00e8le les outils p\u00e9riph\u00e9riques tels que les lignes de d\u00e9coupage et d&#8217;emballage sont en cours d&rsquo;installation, rendant ainsi le site d&rsquo;Hagetmau 100% autonome.<\/span><\/p>\n<p class=\"p4\"><strong><span class=\"s1\">MODERNISATION DES OUTILS DE PRODUCTION<\/span><\/strong><\/p>\n<p class=\"p3\"  style=\"text-align: justify;\"><span class=\"s1\">Deux unit\u00e9s de traitement des COV (Compos\u00e9s Organiques Volatiles) suppl\u00e9mentaires seront coupl\u00e9es aux cha\u00eenes de production actuelles sur les sites de Frontignan et d&rsquo;Hagetmau. Elles prendront en charge le traitement environnemental des nouvelles capacit\u00e9s de production et s\u00e9curiseront les temps de production. Ces nouveaux oxydateurs thermiques augmenteront la capacit\u00e9 de d\u00e9veloppement sur les 2 sites du groupe.<\/span><\/p>\n","protected":false},"excerpt":{"rendered":"<p>Le groupe HEXIS d\u00e9voile son plan d&rsquo;investissement pour les 3 ann\u00e9es \u00e0 venir. Un engagement de 17 millions d&rsquo;euros accompagne jusqu&rsquo;en 2020 le plan quinquennal strat\u00e9gique de l&rsquo;entreprise. Ces investissements porteront simultan\u00e9ment sur des acquisitions de foncier, la modernisation des outils de production et l&rsquo;ajout d&rsquo;une nouvelle ligne de fabrication. Ils permettront au Groupe HEXIS [&hellip;]<\/p>\n","protected":false},"author":1,"featured_media":21081,"comment_status":"closed","ping_status":"closed","sticky":false,"template":"","format":"standard","meta":{"footnotes":""},"categories":[1],"tags":[],"class_list":["post-21063","post","type-post","status-publish","format-standard","has-post-thumbnail","hentry","category-actualites"],"yoast_head":"<!-- This site is optimized with the Yoast SEO plugin v27.4 - https:\/\/yoast.com\/product\/yoast-seo-wordpress\/ -->\n<title>Le groupe HEXIS annonce un plan d\u2019investissement de 17 millions d\u2019euros - HEXIS Graphics<\/title>\n<meta name=\"robots\" content=\"index, follow, max-snippet:-1, max-image-preview:large, max-video-preview:-1\" \/>\n<link rel=\"canonical\" href=\"https:\/\/www.hexis-graphics.com\/fr\/actualites\/le-groupe-hexis-annonce-un-plan-dinvestissement-de-17-millions-deuros\/\" \/>\n<meta property=\"og:locale\" content=\"fr_FR\" \/>\n<meta property=\"og:type\" content=\"article\" \/>\n<meta property=\"og:title\" content=\"Le groupe HEXIS annonce un plan d\u2019investissement de 17 millions d\u2019euros - HEXIS Graphics\" \/>\n<meta property=\"og:description\" content=\"Le groupe HEXIS d\u00e9voile son plan d&rsquo;investissement pour les 3 ann\u00e9es \u00e0 venir. Un engagement de 17 millions d&rsquo;euros accompagne jusqu&rsquo;en 2020 le plan quinquennal strat\u00e9gique de l&rsquo;entreprise. Ces investissements porteront simultan\u00e9ment sur des acquisitions de foncier, la modernisation des outils de production et l&rsquo;ajout d&rsquo;une nouvelle ligne de fabrication. Ils permettront au Groupe HEXIS [&hellip;]\" \/>\n<meta property=\"og:url\" content=\"https:\/\/www.hexis-graphics.com\/fr\/actualites\/le-groupe-hexis-annonce-un-plan-dinvestissement-de-17-millions-deuros\/\" \/>\n<meta property=\"og:site_name\" content=\"HEXIS Graphics\" \/>\n<meta property=\"article:publisher\" content=\"https:\/\/www.facebook.com\/hexisgraphics\" \/>\n<meta property=\"article:published_time\" content=\"2017-09-07T07:10:10+00:00\" \/>\n<meta property=\"article:modified_time\" content=\"2017-09-13T18:56:13+00:00\" \/>\n<meta property=\"og:image\" content=\"https:\/\/www.hexis-graphics.com\/hexisgraphics\/2017\/09\/hexis.jpg\" \/>\n\t<meta property=\"og:image:width\" content=\"800\" \/>\n\t<meta property=\"og:image:height\" content=\"531\" \/>\n\t<meta property=\"og:image:type\" content=\"image\/jpeg\" \/>\n<meta name=\"author\" content=\"rcompans\" \/>\n<meta name=\"twitter:card\" content=\"summary_large_image\" \/>\n<meta name=\"twitter:creator\" content=\"@hexisgraphics\" \/>\n<meta name=\"twitter:site\" content=\"@hexisgraphics\" \/>\n<meta name=\"twitter:label1\" content=\"\u00c9crit par\" \/>\n\t<meta name=\"twitter:data1\" content=\"rcompans\" \/>\n\t<meta name=\"twitter:label2\" content=\"Dur\u00e9e de lecture estim\u00e9e\" \/>\n\t<meta name=\"twitter:data2\" content=\"2 minutes\" \/>\n<script type=\"application\/ld+json\" class=\"yoast-schema-graph\">{\"@context\":\"https:\\\/\\\/schema.org\",\"@graph\":[{\"@type\":\"Article\",\"@id\":\"https:\\\/\\\/www.hexis-graphics.com\\\/fr\\\/actualites\\\/le-groupe-hexis-annonce-un-plan-dinvestissement-de-17-millions-deuros\\\/#article\",\"isPartOf\":{\"@id\":\"https:\\\/\\\/www.hexis-graphics.com\\\/fr\\\/actualites\\\/le-groupe-hexis-annonce-un-plan-dinvestissement-de-17-millions-deuros\\\/\"},\"author\":{\"name\":\"rcompans\",\"@id\":\"https:\\\/\\\/www.hexis-graphics.com\\\/fr\\\/#\\\/schema\\\/person\\\/829431d6282a7a3c6db77db4cc4f9841\"},\"headline\":\"Le groupe HEXIS annonce un plan d\u2019investissement de 17 millions d\u2019euros\",\"datePublished\":\"2017-09-07T07:10:10+00:00\",\"dateModified\":\"2017-09-13T18:56:13+00:00\",\"mainEntityOfPage\":{\"@id\":\"https:\\\/\\\/www.hexis-graphics.com\\\/fr\\\/actualites\\\/le-groupe-hexis-annonce-un-plan-dinvestissement-de-17-millions-deuros\\\/\"},\"wordCount\":378,\"publisher\":{\"@id\":\"https:\\\/\\\/www.hexis-graphics.com\\\/fr\\\/#organization\"},\"image\":{\"@id\":\"https:\\\/\\\/www.hexis-graphics.com\\\/fr\\\/actualites\\\/le-groupe-hexis-annonce-un-plan-dinvestissement-de-17-millions-deuros\\\/#primaryimage\"},\"thumbnailUrl\":\"https:\\\/\\\/www.hexis-graphics.com\\\/hexisgraphics\\\/2017\\\/09\\\/hexis.jpg\",\"articleSection\":[\"Actualit\u00e9s\"],\"inLanguage\":\"fr-FR\"},{\"@type\":\"WebPage\",\"@id\":\"https:\\\/\\\/www.hexis-graphics.com\\\/fr\\\/actualites\\\/le-groupe-hexis-annonce-un-plan-dinvestissement-de-17-millions-deuros\\\/\",\"url\":\"https:\\\/\\\/www.hexis-graphics.com\\\/fr\\\/actualites\\\/le-groupe-hexis-annonce-un-plan-dinvestissement-de-17-millions-deuros\\\/\",\"name\":\"Le groupe HEXIS annonce un plan d\u2019investissement de 17 millions d\u2019euros - HEXIS Graphics\",\"isPartOf\":{\"@id\":\"https:\\\/\\\/www.hexis-graphics.com\\\/fr\\\/#website\"},\"primaryImageOfPage\":{\"@id\":\"https:\\\/\\\/www.hexis-graphics.com\\\/fr\\\/actualites\\\/le-groupe-hexis-annonce-un-plan-dinvestissement-de-17-millions-deuros\\\/#primaryimage\"},\"image\":{\"@id\":\"https:\\\/\\\/www.hexis-graphics.com\\\/fr\\\/actualites\\\/le-groupe-hexis-annonce-un-plan-dinvestissement-de-17-millions-deuros\\\/#primaryimage\"},\"thumbnailUrl\":\"https:\\\/\\\/www.hexis-graphics.com\\\/hexisgraphics\\\/2017\\\/09\\\/hexis.jpg\",\"datePublished\":\"2017-09-07T07:10:10+00:00\",\"dateModified\":\"2017-09-13T18:56:13+00:00\",\"breadcrumb\":{\"@id\":\"https:\\\/\\\/www.hexis-graphics.com\\\/fr\\\/actualites\\\/le-groupe-hexis-annonce-un-plan-dinvestissement-de-17-millions-deuros\\\/#breadcrumb\"},\"inLanguage\":\"fr-FR\",\"potentialAction\":[{\"@type\":\"ReadAction\",\"target\":[\"https:\\\/\\\/www.hexis-graphics.com\\\/fr\\\/actualites\\\/le-groupe-hexis-annonce-un-plan-dinvestissement-de-17-millions-deuros\\\/\"]}]},{\"@type\":\"ImageObject\",\"inLanguage\":\"fr-FR\",\"@id\":\"https:\\\/\\\/www.hexis-graphics.com\\\/fr\\\/actualites\\\/le-groupe-hexis-annonce-un-plan-dinvestissement-de-17-millions-deuros\\\/#primaryimage\",\"url\":\"https:\\\/\\\/www.hexis-graphics.com\\\/hexisgraphics\\\/2017\\\/09\\\/hexis.jpg\",\"contentUrl\":\"https:\\\/\\\/www.hexis-graphics.com\\\/hexisgraphics\\\/2017\\\/09\\\/hexis.jpg\",\"width\":800,\"height\":531},{\"@type\":\"BreadcrumbList\",\"@id\":\"https:\\\/\\\/www.hexis-graphics.com\\\/fr\\\/actualites\\\/le-groupe-hexis-annonce-un-plan-dinvestissement-de-17-millions-deuros\\\/#breadcrumb\",\"itemListElement\":[{\"@type\":\"ListItem\",\"position\":1,\"name\":\"Accueil\",\"item\":\"https:\\\/\\\/www.hexis-graphics.com\\\/fr\\\/\"},{\"@type\":\"ListItem\",\"position\":2,\"name\":\"Le groupe HEXIS annonce un plan d\u2019investissement de 17 millions d\u2019euros\"}]},{\"@type\":\"WebSite\",\"@id\":\"https:\\\/\\\/www.hexis-graphics.com\\\/fr\\\/#website\",\"url\":\"https:\\\/\\\/www.hexis-graphics.com\\\/fr\\\/\",\"name\":\"HEXIS Graphics\",\"description\":\"Manufacturer of self-adhesive films\",\"publisher\":{\"@id\":\"https:\\\/\\\/www.hexis-graphics.com\\\/fr\\\/#organization\"},\"potentialAction\":[{\"@type\":\"SearchAction\",\"target\":{\"@type\":\"EntryPoint\",\"urlTemplate\":\"https:\\\/\\\/www.hexis-graphics.com\\\/fr\\\/?s={search_term_string}\"},\"query-input\":{\"@type\":\"PropertyValueSpecification\",\"valueRequired\":true,\"valueName\":\"search_term_string\"}}],\"inLanguage\":\"fr-FR\"},{\"@type\":\"Organization\",\"@id\":\"https:\\\/\\\/www.hexis-graphics.com\\\/fr\\\/#organization\",\"name\":\"HEXIS Graphics\",\"url\":\"https:\\\/\\\/www.hexis-graphics.com\\\/fr\\\/\",\"logo\":{\"@type\":\"ImageObject\",\"inLanguage\":\"fr-FR\",\"@id\":\"https:\\\/\\\/www.hexis-graphics.com\\\/fr\\\/#\\\/schema\\\/logo\\\/image\\\/\",\"url\":\"https:\\\/\\\/www.hexis-graphics.com\\\/hexisgraphics\\\/2016\\\/05\\\/logo_HEXIS.jpg\",\"contentUrl\":\"https:\\\/\\\/www.hexis-graphics.com\\\/hexisgraphics\\\/2016\\\/05\\\/logo_HEXIS.jpg\",\"width\":250,\"height\":107,\"caption\":\"HEXIS Graphics\"},\"image\":{\"@id\":\"https:\\\/\\\/www.hexis-graphics.com\\\/fr\\\/#\\\/schema\\\/logo\\\/image\\\/\"},\"sameAs\":[\"https:\\\/\\\/www.facebook.com\\\/hexisgraphics\",\"https:\\\/\\\/x.com\\\/hexisgraphics\",\"https:\\\/\\\/www.instagram.com\\\/hexisgraphics\\\/\",\"https:\\\/\\\/fr.linkedin.com\\\/company\\\/hexis-s-a-\",\"https:\\\/\\\/www.youtube.com\\\/user\\\/HEXISSA\"]},{\"@type\":\"Person\",\"@id\":\"https:\\\/\\\/www.hexis-graphics.com\\\/fr\\\/#\\\/schema\\\/person\\\/829431d6282a7a3c6db77db4cc4f9841\",\"name\":\"rcompans\",\"image\":{\"@type\":\"ImageObject\",\"inLanguage\":\"fr-FR\",\"@id\":\"https:\\\/\\\/secure.gravatar.com\\\/avatar\\\/5d377e99d5ec53d083a25d6eac1e966d29568c832e3644dd610736e287d2afaf?s=96&d=mm&r=g\",\"url\":\"https:\\\/\\\/secure.gravatar.com\\\/avatar\\\/5d377e99d5ec53d083a25d6eac1e966d29568c832e3644dd610736e287d2afaf?s=96&d=mm&r=g\",\"contentUrl\":\"https:\\\/\\\/secure.gravatar.com\\\/avatar\\\/5d377e99d5ec53d083a25d6eac1e966d29568c832e3644dd610736e287d2afaf?s=96&d=mm&r=g\",\"caption\":\"rcompans\"}}]}<\/script>\n<!-- \/ Yoast SEO plugin. -->","yoast_head_json":{"title":"Le groupe HEXIS annonce un plan d\u2019investissement de 17 millions d\u2019euros - HEXIS Graphics","robots":{"index":"index","follow":"follow","max-snippet":"max-snippet:-1","max-image-preview":"max-image-preview:large","max-video-preview":"max-video-preview:-1"},"canonical":"https:\/\/www.hexis-graphics.com\/fr\/actualites\/le-groupe-hexis-annonce-un-plan-dinvestissement-de-17-millions-deuros\/","og_locale":"fr_FR","og_type":"article","og_title":"Le groupe HEXIS annonce un plan d\u2019investissement de 17 millions d\u2019euros - HEXIS Graphics","og_description":"Le groupe HEXIS d\u00e9voile son plan d&rsquo;investissement pour les 3 ann\u00e9es \u00e0 venir. Un engagement de 17 millions d&rsquo;euros accompagne jusqu&rsquo;en 2020 le plan quinquennal strat\u00e9gique de l&rsquo;entreprise. Ces investissements porteront simultan\u00e9ment sur des acquisitions de foncier, la modernisation des outils de production et l&rsquo;ajout d&rsquo;une nouvelle ligne de fabrication. Ils permettront au Groupe HEXIS [&hellip;]","og_url":"https:\/\/www.hexis-graphics.com\/fr\/actualites\/le-groupe-hexis-annonce-un-plan-dinvestissement-de-17-millions-deuros\/","og_site_name":"HEXIS Graphics","article_publisher":"https:\/\/www.facebook.com\/hexisgraphics","article_published_time":"2017-09-07T07:10:10+00:00","article_modified_time":"2017-09-13T18:56:13+00:00","og_image":[{"width":800,"height":531,"url":"https:\/\/www.hexis-graphics.com\/hexisgraphics\/2017\/09\/hexis.jpg","type":"image\/jpeg"}],"author":"rcompans","twitter_card":"summary_large_image","twitter_creator":"@hexisgraphics","twitter_site":"@hexisgraphics","twitter_misc":{"\u00c9crit par":"rcompans","Dur\u00e9e de lecture estim\u00e9e":"2 minutes"},"schema":{"@context":"https:\/\/schema.org","@graph":[{"@type":"Article","@id":"https:\/\/www.hexis-graphics.com\/fr\/actualites\/le-groupe-hexis-annonce-un-plan-dinvestissement-de-17-millions-deuros\/#article","isPartOf":{"@id":"https:\/\/www.hexis-graphics.com\/fr\/actualites\/le-groupe-hexis-annonce-un-plan-dinvestissement-de-17-millions-deuros\/"},"author":{"name":"rcompans","@id":"https:\/\/www.hexis-graphics.com\/fr\/#\/schema\/person\/829431d6282a7a3c6db77db4cc4f9841"},"headline":"Le groupe HEXIS annonce un plan d\u2019investissement de 17 millions d\u2019euros","datePublished":"2017-09-07T07:10:10+00:00","dateModified":"2017-09-13T18:56:13+00:00","mainEntityOfPage":{"@id":"https:\/\/www.hexis-graphics.com\/fr\/actualites\/le-groupe-hexis-annonce-un-plan-dinvestissement-de-17-millions-deuros\/"},"wordCount":378,"publisher":{"@id":"https:\/\/www.hexis-graphics.com\/fr\/#organization"},"image":{"@id":"https:\/\/www.hexis-graphics.com\/fr\/actualites\/le-groupe-hexis-annonce-un-plan-dinvestissement-de-17-millions-deuros\/#primaryimage"},"thumbnailUrl":"https:\/\/www.hexis-graphics.com\/hexisgraphics\/2017\/09\/hexis.jpg","articleSection":["Actualit\u00e9s"],"inLanguage":"fr-FR"},{"@type":"WebPage","@id":"https:\/\/www.hexis-graphics.com\/fr\/actualites\/le-groupe-hexis-annonce-un-plan-dinvestissement-de-17-millions-deuros\/","url":"https:\/\/www.hexis-graphics.com\/fr\/actualites\/le-groupe-hexis-annonce-un-plan-dinvestissement-de-17-millions-deuros\/","name":"Le groupe HEXIS annonce un plan d\u2019investissement de 17 millions d\u2019euros - HEXIS Graphics","isPartOf":{"@id":"https:\/\/www.hexis-graphics.com\/fr\/#website"},"primaryImageOfPage":{"@id":"https:\/\/www.hexis-graphics.com\/fr\/actualites\/le-groupe-hexis-annonce-un-plan-dinvestissement-de-17-millions-deuros\/#primaryimage"},"image":{"@id":"https:\/\/www.hexis-graphics.com\/fr\/actualites\/le-groupe-hexis-annonce-un-plan-dinvestissement-de-17-millions-deuros\/#primaryimage"},"thumbnailUrl":"https:\/\/www.hexis-graphics.com\/hexisgraphics\/2017\/09\/hexis.jpg","datePublished":"2017-09-07T07:10:10+00:00","dateModified":"2017-09-13T18:56:13+00:00","breadcrumb":{"@id":"https:\/\/www.hexis-graphics.com\/fr\/actualites\/le-groupe-hexis-annonce-un-plan-dinvestissement-de-17-millions-deuros\/#breadcrumb"},"inLanguage":"fr-FR","potentialAction":[{"@type":"ReadAction","target":["https:\/\/www.hexis-graphics.com\/fr\/actualites\/le-groupe-hexis-annonce-un-plan-dinvestissement-de-17-millions-deuros\/"]}]},{"@type":"ImageObject","inLanguage":"fr-FR","@id":"https:\/\/www.hexis-graphics.com\/fr\/actualites\/le-groupe-hexis-annonce-un-plan-dinvestissement-de-17-millions-deuros\/#primaryimage","url":"https:\/\/www.hexis-graphics.com\/hexisgraphics\/2017\/09\/hexis.jpg","contentUrl":"https:\/\/www.hexis-graphics.com\/hexisgraphics\/2017\/09\/hexis.jpg","width":800,"height":531},{"@type":"BreadcrumbList","@id":"https:\/\/www.hexis-graphics.com\/fr\/actualites\/le-groupe-hexis-annonce-un-plan-dinvestissement-de-17-millions-deuros\/#breadcrumb","itemListElement":[{"@type":"ListItem","position":1,"name":"Accueil","item":"https:\/\/www.hexis-graphics.com\/fr\/"},{"@type":"ListItem","position":2,"name":"Le groupe HEXIS annonce un plan d\u2019investissement de 17 millions d\u2019euros"}]},{"@type":"WebSite","@id":"https:\/\/www.hexis-graphics.com\/fr\/#website","url":"https:\/\/www.hexis-graphics.com\/fr\/","name":"HEXIS Graphics","description":"Manufacturer of self-adhesive films","publisher":{"@id":"https:\/\/www.hexis-graphics.com\/fr\/#organization"},"potentialAction":[{"@type":"SearchAction","target":{"@type":"EntryPoint","urlTemplate":"https:\/\/www.hexis-graphics.com\/fr\/?s={search_term_string}"},"query-input":{"@type":"PropertyValueSpecification","valueRequired":true,"valueName":"search_term_string"}}],"inLanguage":"fr-FR"},{"@type":"Organization","@id":"https:\/\/www.hexis-graphics.com\/fr\/#organization","name":"HEXIS Graphics","url":"https:\/\/www.hexis-graphics.com\/fr\/","logo":{"@type":"ImageObject","inLanguage":"fr-FR","@id":"https:\/\/www.hexis-graphics.com\/fr\/#\/schema\/logo\/image\/","url":"https:\/\/www.hexis-graphics.com\/hexisgraphics\/2016\/05\/logo_HEXIS.jpg","contentUrl":"https:\/\/www.hexis-graphics.com\/hexisgraphics\/2016\/05\/logo_HEXIS.jpg","width":250,"height":107,"caption":"HEXIS Graphics"},"image":{"@id":"https:\/\/www.hexis-graphics.com\/fr\/#\/schema\/logo\/image\/"},"sameAs":["https:\/\/www.facebook.com\/hexisgraphics","https:\/\/x.com\/hexisgraphics","https:\/\/www.instagram.com\/hexisgraphics\/","https:\/\/fr.linkedin.com\/company\/hexis-s-a-","https:\/\/www.youtube.com\/user\/HEXISSA"]},{"@type":"Person","@id":"https:\/\/www.hexis-graphics.com\/fr\/#\/schema\/person\/829431d6282a7a3c6db77db4cc4f9841","name":"rcompans","image":{"@type":"ImageObject","inLanguage":"fr-FR","@id":"https:\/\/secure.gravatar.com\/avatar\/5d377e99d5ec53d083a25d6eac1e966d29568c832e3644dd610736e287d2afaf?s=96&d=mm&r=g","url":"https:\/\/secure.gravatar.com\/avatar\/5d377e99d5ec53d083a25d6eac1e966d29568c832e3644dd610736e287d2afaf?s=96&d=mm&r=g","contentUrl":"https:\/\/secure.gravatar.com\/avatar\/5d377e99d5ec53d083a25d6eac1e966d29568c832e3644dd610736e287d2afaf?s=96&d=mm&r=g","caption":"rcompans"}}]}},"_links":{"self":[{"href":"https:\/\/www.hexis-graphics.com\/fr\/wp-json\/wp\/v2\/posts\/21063","targetHints":{"allow":["GET"]}}],"collection":[{"href":"https:\/\/www.hexis-graphics.com\/fr\/wp-json\/wp\/v2\/posts"}],"about":[{"href":"https:\/\/www.hexis-graphics.com\/fr\/wp-json\/wp\/v2\/types\/post"}],"author":[{"embeddable":true,"href":"https:\/\/www.hexis-graphics.com\/fr\/wp-json\/wp\/v2\/users\/1"}],"replies":[{"embeddable":true,"href":"https:\/\/www.hexis-graphics.com\/fr\/wp-json\/wp\/v2\/comments?post=21063"}],"version-history":[{"count":3,"href":"https:\/\/www.hexis-graphics.com\/fr\/wp-json\/wp\/v2\/posts\/21063\/revisions"}],"predecessor-version":[{"id":21256,"href":"https:\/\/www.hexis-graphics.com\/fr\/wp-json\/wp\/v2\/posts\/21063\/revisions\/21256"}],"wp:featuredmedia":[{"embeddable":true,"href":"https:\/\/www.hexis-graphics.com\/fr\/wp-json\/wp\/v2\/media\/21081"}],"wp:attachment":[{"href":"https:\/\/www.hexis-graphics.com\/fr\/wp-json\/wp\/v2\/media?parent=21063"}],"wp:term":[{"taxonomy":"category","embeddable":true,"href":"https:\/\/www.hexis-graphics.com\/fr\/wp-json\/wp\/v2\/categories?post=21063"},{"taxonomy":"post_tag","embeddable":true,"href":"https:\/\/www.hexis-graphics.com\/fr\/wp-json\/wp\/v2\/tags?post=21063"}],"curies":[{"name":"wp","href":"https:\/\/api.w.org\/{rel}","templated":true}]}}