{"id":58499,"date":"2026-04-28T08:50:54","date_gmt":"2026-04-28T08:50:54","guid":{"rendered":"https:\/\/www.hexis-graphics.com\/noticias\/racing-spirit-of-leman-en-las-24-horas-de-le-mans-2026\/"},"modified":"2026-04-28T08:53:21","modified_gmt":"2026-04-28T08:53:21","slug":"racing-spirit-of-leman-en-las-24-horas-de-le-mans-2026","status":"publish","type":"post","link":"https:\/\/www.hexis-graphics.com\/es\/noticias\/racing-spirit-of-leman-en-las-24-horas-de-le-mans-2026\/","title":{"rendered":"Racing Spirit of L\u00e9man en las 24 Horas de Le Mans 2026"},"content":{"rendered":"\n<p>La edici\u00f3n 2026 de las <strong>24 Horas de Le Mans<\/strong> se perfila como hist\u00f3rica para <strong>Racing Spirit of L\u00e9man<\/strong>. Del 10 al 14 de junio de <strong>2026<\/strong>, el equipo franc\u00e9s competir\u00e1 en el legendario <strong>Circuito de la Sarthe<\/strong> con grandes ambiciones en esta competici\u00f3n de resistencia.<\/p>\n\n<h2 class=\"wp-block-heading\">Un Aston Martin Vantage LMGT3 para alcanzar la cima<\/h2>\n\n<div class=\"wp-block-group is-nowrap is-layout-flex wp-container-core-group-is-layout-ad2f72ca wp-block-group-is-layout-flex\">\n<figure class=\"wp-block-image size-large\"><img data-dominant-color=\"503535\" data-has-transparency=\"false\" fetchpriority=\"high\" decoding=\"async\" width=\"1024\" height=\"1024\" src=\"https:\/\/www.hexis-graphics.com\/hexisgraphics\/2026\/04\/RSL-aston-martin-1024x1024.webp\" alt=\"RSL aston martin\" class=\"wp-image-58305 not-transparent\" style=\"--dominant-color: #503535; object-fit:cover\" srcset=\"https:\/\/www.hexis-graphics.com\/hexisgraphics\/2026\/04\/RSL-aston-martin-1024x1024.webp 1024w, https:\/\/www.hexis-graphics.com\/hexisgraphics\/2026\/04\/RSL-aston-martin-300x300.webp 300w, https:\/\/www.hexis-graphics.com\/hexisgraphics\/2026\/04\/RSL-aston-martin-150x150.webp 150w, https:\/\/www.hexis-graphics.com\/hexisgraphics\/2026\/04\/RSL-aston-martin-66x66.webp 66w, https:\/\/www.hexis-graphics.com\/hexisgraphics\/2026\/04\/RSL-aston-martin-400x400.webp 400w, https:\/\/www.hexis-graphics.com\/hexisgraphics\/2026\/04\/RSL-aston-martin-320x320.webp 320w, https:\/\/www.hexis-graphics.com\/hexisgraphics\/2026\/04\/RSL-aston-martin.webp 1200w\" sizes=\"(max-width: 1024px) 100vw, 1024px\" \/><\/figure>\n\n\n\n<p>Para esta prestigiosa prueba de resistencia, Racing Spirit of L\u00e9man apuesta por la excelencia brit\u00e1nica. A bordo de un <strong>Aston Martin Vantage LMGT3<\/strong>, el equipo intentar\u00e1 alcanzar la victoria. Reconocido por su fiabilidad y su avanzada aerodin\u00e1mica, el Vantage es el arma ideal para afrontar los 13,6 km del circuito de Le Mans, desde la recta de Hunaudi\u00e8res hasta la curva Dunlop.<\/p>\n<\/div>\n\n<h2 class=\"wp-block-heading\">Cl\u00e9ment Mateu y el coche #59: un equipo a seguir<\/h2>\n\n<p>La conducci\u00f3n ser\u00e1 uno de los grandes puntos fuertes del equipo<strong>. Cl\u00e9ment Mateu<\/strong>, piloto experimentado y figura reconocida del automovilismo, estar\u00e1 al volante del coche <strong>n\u00famero 59<\/strong>, junto a Valentin Hasse Clot y Marius Fossard.<\/p>\n\n<h3 class=\"wp-block-heading\">Objetivos del #59 en LMGT3<\/h3>\n\n<ul class=\"wp-block-list\">\n<li><ul>&#13;\n \t<li><strong>Regularidad:<\/strong> Mantener un ritmo constante durante las 24 horas<\/li>&#13;\n<\/ul><\/li>\n\n\n\n<li><ul>&#13;\n \t<li><strong>Rendimiento:<\/strong> Explotar al m\u00e1ximo el motor V8 biturbo<\/li>&#13;\n<\/ul><\/li>\n\n\n\n<li><ul>&#13;\n \t<li><strong>Estrategia:<\/strong> Optimizar las paradas en boxes para ganar segundos clave<\/li>&#13;\n<\/ul><\/li>\n<\/ul>\n\n<h2 class=\"wp-block-heading\">Cita el 13 de junio de 2026<\/h2>\n\n<p>La salida el s\u00e1bado por la tarde marcar\u00e1 el inicio de un intenso desaf\u00edo humano y t\u00e9cnico. Se espera un fin de semana lleno de emoci\u00f3n.<\/p>\n","protected":false},"excerpt":{"rendered":"<p>La edici\u00f3n 2026 de las 24 Horas de Le Mans se perfila como hist\u00f3rica para Racing Spirit of L\u00e9man. Del 10 al 14 de junio de 2026, el equipo franc\u00e9s competir\u00e1 en el legendario Circuito de la Sarthe con grandes ambiciones en esta competici\u00f3n de resistencia. Un Aston Martin Vantage LMGT3 para alcanzar la cima [&hellip;]<\/p>\n","protected":false},"author":34,"featured_media":58498,"comment_status":"closed","ping_status":"closed","sticky":false,"template":"","format":"standard","meta":{"footnotes":""},"categories":[26],"tags":[],"class_list":["post-58499","post","type-post","status-publish","format-standard","has-post-thumbnail","hentry","category-noticias"],"yoast_head":"<!-- This site is optimized with the Yoast SEO plugin v27.4 - https:\/\/yoast.com\/product\/yoast-seo-wordpress\/ -->\n<title>Racing Spirit of L\u00e9man en las 24 Horas de Le Mans 2026 - HEXIS Graphics<\/title>\n<meta name=\"description\" content=\"Sigue al equipo Racing Spirit of L\u00e9man y a Cl\u00e9ment Mateu en las 24 Horas de Le Mans 2026, a bordo del Aston Martin Vantage LMGT3 n.\u00ba 59.\" \/>\n<meta name=\"robots\" content=\"index, follow, max-snippet:-1, max-image-preview:large, max-video-preview:-1\" \/>\n<link rel=\"canonical\" href=\"https:\/\/www.hexis-graphics.com\/es\/noticias\/racing-spirit-of-leman-en-las-24-horas-de-le-mans-2026\/\" \/>\n<meta property=\"og:locale\" content=\"es_ES\" \/>\n<meta property=\"og:type\" content=\"article\" \/>\n<meta property=\"og:title\" content=\"Racing Spirit of L\u00e9man en las 24 Horas de Le Mans 2026 - HEXIS Graphics\" \/>\n<meta property=\"og:description\" content=\"Sigue al equipo Racing Spirit of L\u00e9man y a Cl\u00e9ment Mateu en las 24 Horas de Le Mans 2026, a bordo del Aston Martin Vantage LMGT3 n.\u00ba 59.\" \/>\n<meta property=\"og:url\" content=\"https:\/\/www.hexis-graphics.com\/es\/noticias\/racing-spirit-of-leman-en-las-24-horas-de-le-mans-2026\/\" \/>\n<meta property=\"og:site_name\" content=\"HEXIS Graphics\" \/>\n<meta property=\"article:publisher\" content=\"https:\/\/www.facebook.com\/hexisgraphics\" \/>\n<meta property=\"article:published_time\" content=\"2026-04-28T08:50:54+00:00\" \/>\n<meta property=\"article:modified_time\" content=\"2026-04-28T08:53:21+00:00\" \/>\n<meta property=\"og:image\" content=\"https:\/\/www.hexis-graphics.com\/hexisgraphics\/2026\/04\/racing-spirit-of-leman.webp\" \/>\n\t<meta property=\"og:image:width\" content=\"800\" \/>\n\t<meta property=\"og:image:height\" content=\"1470\" \/>\n\t<meta property=\"og:image:type\" content=\"image\/png\" \/>\n<meta name=\"author\" content=\"lea.babeau@hexis.fr\" \/>\n<meta name=\"twitter:card\" content=\"summary_large_image\" \/>\n<meta name=\"twitter:creator\" content=\"@hexisgraphics\" \/>\n<meta name=\"twitter:site\" content=\"@hexisgraphics\" \/>\n<meta name=\"twitter:label1\" content=\"Escrito por\" \/>\n\t<meta name=\"twitter:data1\" content=\"lea.babeau@hexis.fr\" \/>\n\t<meta name=\"twitter:label2\" content=\"Tiempo de lectura\" \/>\n\t<meta name=\"twitter:data2\" content=\"1 minuto\" \/>\n<script type=\"application\/ld+json\" class=\"yoast-schema-graph\">{\"@context\":\"https:\\\/\\\/schema.org\",\"@graph\":[{\"@type\":\"Article\",\"@id\":\"https:\\\/\\\/www.hexis-graphics.com\\\/es\\\/noticias\\\/racing-spirit-of-leman-en-las-24-horas-de-le-mans-2026\\\/#article\",\"isPartOf\":{\"@id\":\"https:\\\/\\\/www.hexis-graphics.com\\\/es\\\/noticias\\\/racing-spirit-of-leman-en-las-24-horas-de-le-mans-2026\\\/\"},\"author\":{\"name\":\"lea.babeau@hexis.fr\",\"@id\":\"https:\\\/\\\/www.hexis-graphics.com\\\/es\\\/#\\\/schema\\\/person\\\/e7acb7d829808a0d5a5636e54adc52a4\"},\"headline\":\"Racing Spirit of L\u00e9man en las 24 Horas de Le Mans 2026\",\"datePublished\":\"2026-04-28T08:50:54+00:00\",\"dateModified\":\"2026-04-28T08:53:21+00:00\",\"mainEntityOfPage\":{\"@id\":\"https:\\\/\\\/www.hexis-graphics.com\\\/es\\\/noticias\\\/racing-spirit-of-leman-en-las-24-horas-de-le-mans-2026\\\/\"},\"wordCount\":244,\"publisher\":{\"@id\":\"https:\\\/\\\/www.hexis-graphics.com\\\/es\\\/#organization\"},\"image\":{\"@id\":\"https:\\\/\\\/www.hexis-graphics.com\\\/es\\\/noticias\\\/racing-spirit-of-leman-en-las-24-horas-de-le-mans-2026\\\/#primaryimage\"},\"thumbnailUrl\":\"https:\\\/\\\/www.hexis-graphics.com\\\/hexisgraphics\\\/2026\\\/04\\\/racing-spirit-of-leman.webp\",\"articleSection\":[\"Noticias\"],\"inLanguage\":\"es\"},{\"@type\":\"WebPage\",\"@id\":\"https:\\\/\\\/www.hexis-graphics.com\\\/es\\\/noticias\\\/racing-spirit-of-leman-en-las-24-horas-de-le-mans-2026\\\/\",\"url\":\"https:\\\/\\\/www.hexis-graphics.com\\\/es\\\/noticias\\\/racing-spirit-of-leman-en-las-24-horas-de-le-mans-2026\\\/\",\"name\":\"Racing Spirit of L\u00e9man en las 24 Horas de Le Mans 2026 - HEXIS Graphics\",\"isPartOf\":{\"@id\":\"https:\\\/\\\/www.hexis-graphics.com\\\/es\\\/#website\"},\"primaryImageOfPage\":{\"@id\":\"https:\\\/\\\/www.hexis-graphics.com\\\/es\\\/noticias\\\/racing-spirit-of-leman-en-las-24-horas-de-le-mans-2026\\\/#primaryimage\"},\"image\":{\"@id\":\"https:\\\/\\\/www.hexis-graphics.com\\\/es\\\/noticias\\\/racing-spirit-of-leman-en-las-24-horas-de-le-mans-2026\\\/#primaryimage\"},\"thumbnailUrl\":\"https:\\\/\\\/www.hexis-graphics.com\\\/hexisgraphics\\\/2026\\\/04\\\/racing-spirit-of-leman.webp\",\"datePublished\":\"2026-04-28T08:50:54+00:00\",\"dateModified\":\"2026-04-28T08:53:21+00:00\",\"description\":\"Sigue al equipo Racing Spirit of L\u00e9man y a Cl\u00e9ment Mateu en las 24 Horas de Le Mans 2026, a bordo del Aston Martin Vantage LMGT3 n.\u00ba 59.\",\"breadcrumb\":{\"@id\":\"https:\\\/\\\/www.hexis-graphics.com\\\/es\\\/noticias\\\/racing-spirit-of-leman-en-las-24-horas-de-le-mans-2026\\\/#breadcrumb\"},\"inLanguage\":\"es\",\"potentialAction\":[{\"@type\":\"ReadAction\",\"target\":[\"https:\\\/\\\/www.hexis-graphics.com\\\/es\\\/noticias\\\/racing-spirit-of-leman-en-las-24-horas-de-le-mans-2026\\\/\"]}]},{\"@type\":\"ImageObject\",\"inLanguage\":\"es\",\"@id\":\"https:\\\/\\\/www.hexis-graphics.com\\\/es\\\/noticias\\\/racing-spirit-of-leman-en-las-24-horas-de-le-mans-2026\\\/#primaryimage\",\"url\":\"https:\\\/\\\/www.hexis-graphics.com\\\/hexisgraphics\\\/2026\\\/04\\\/racing-spirit-of-leman.webp\",\"contentUrl\":\"https:\\\/\\\/www.hexis-graphics.com\\\/hexisgraphics\\\/2026\\\/04\\\/racing-spirit-of-leman.webp\",\"width\":800,\"height\":1470,\"caption\":\"racing spirit of leman\"},{\"@type\":\"BreadcrumbList\",\"@id\":\"https:\\\/\\\/www.hexis-graphics.com\\\/es\\\/noticias\\\/racing-spirit-of-leman-en-las-24-horas-de-le-mans-2026\\\/#breadcrumb\",\"itemListElement\":[{\"@type\":\"ListItem\",\"position\":1,\"name\":\"Accueil\",\"item\":\"https:\\\/\\\/www.hexis-graphics.com\\\/es\\\/\"},{\"@type\":\"ListItem\",\"position\":2,\"name\":\"Racing Spirit of L\u00e9man en las 24 Horas de Le Mans 2026\"}]},{\"@type\":\"WebSite\",\"@id\":\"https:\\\/\\\/www.hexis-graphics.com\\\/es\\\/#website\",\"url\":\"https:\\\/\\\/www.hexis-graphics.com\\\/es\\\/\",\"name\":\"HEXIS Graphics\",\"description\":\"Manufacturer of self-adhesive films\",\"publisher\":{\"@id\":\"https:\\\/\\\/www.hexis-graphics.com\\\/es\\\/#organization\"},\"potentialAction\":[{\"@type\":\"SearchAction\",\"target\":{\"@type\":\"EntryPoint\",\"urlTemplate\":\"https:\\\/\\\/www.hexis-graphics.com\\\/es\\\/?s={search_term_string}\"},\"query-input\":{\"@type\":\"PropertyValueSpecification\",\"valueRequired\":true,\"valueName\":\"search_term_string\"}}],\"inLanguage\":\"es\"},{\"@type\":\"Organization\",\"@id\":\"https:\\\/\\\/www.hexis-graphics.com\\\/es\\\/#organization\",\"name\":\"HEXIS Graphics\",\"url\":\"https:\\\/\\\/www.hexis-graphics.com\\\/es\\\/\",\"logo\":{\"@type\":\"ImageObject\",\"inLanguage\":\"es\",\"@id\":\"https:\\\/\\\/www.hexis-graphics.com\\\/es\\\/#\\\/schema\\\/logo\\\/image\\\/\",\"url\":\"https:\\\/\\\/www.hexis-graphics.com\\\/hexisgraphics\\\/2016\\\/05\\\/logo_HEXIS.jpg\",\"contentUrl\":\"https:\\\/\\\/www.hexis-graphics.com\\\/hexisgraphics\\\/2016\\\/05\\\/logo_HEXIS.jpg\",\"width\":250,\"height\":107,\"caption\":\"HEXIS Graphics\"},\"image\":{\"@id\":\"https:\\\/\\\/www.hexis-graphics.com\\\/es\\\/#\\\/schema\\\/logo\\\/image\\\/\"},\"sameAs\":[\"https:\\\/\\\/www.facebook.com\\\/hexisgraphics\",\"https:\\\/\\\/x.com\\\/hexisgraphics\",\"https:\\\/\\\/www.instagram.com\\\/hexisgraphics\\\/\",\"https:\\\/\\\/fr.linkedin.com\\\/company\\\/hexis-s-a-\",\"https:\\\/\\\/www.youtube.com\\\/user\\\/HEXISSA\"]},{\"@type\":\"Person\",\"@id\":\"https:\\\/\\\/www.hexis-graphics.com\\\/es\\\/#\\\/schema\\\/person\\\/e7acb7d829808a0d5a5636e54adc52a4\",\"name\":\"lea.babeau@hexis.fr\",\"image\":{\"@type\":\"ImageObject\",\"inLanguage\":\"es\",\"@id\":\"https:\\\/\\\/secure.gravatar.com\\\/avatar\\\/4f46feeb1a1c580ec9cc10f82261799cf9a8df3ea099d2d60befcc18ad0d47a0?s=96&d=mm&r=g\",\"url\":\"https:\\\/\\\/secure.gravatar.com\\\/avatar\\\/4f46feeb1a1c580ec9cc10f82261799cf9a8df3ea099d2d60befcc18ad0d47a0?s=96&d=mm&r=g\",\"contentUrl\":\"https:\\\/\\\/secure.gravatar.com\\\/avatar\\\/4f46feeb1a1c580ec9cc10f82261799cf9a8df3ea099d2d60befcc18ad0d47a0?s=96&d=mm&r=g\",\"caption\":\"lea.babeau@hexis.fr\"}}]}<\/script>\n<!-- \/ Yoast SEO plugin. -->","yoast_head_json":{"title":"Racing Spirit of L\u00e9man en las 24 Horas de Le Mans 2026 - HEXIS Graphics","description":"Sigue al equipo Racing Spirit of L\u00e9man y a Cl\u00e9ment Mateu en las 24 Horas de Le Mans 2026, a bordo del Aston Martin Vantage LMGT3 n.\u00ba 59.","robots":{"index":"index","follow":"follow","max-snippet":"max-snippet:-1","max-image-preview":"max-image-preview:large","max-video-preview":"max-video-preview:-1"},"canonical":"https:\/\/www.hexis-graphics.com\/es\/noticias\/racing-spirit-of-leman-en-las-24-horas-de-le-mans-2026\/","og_locale":"es_ES","og_type":"article","og_title":"Racing Spirit of L\u00e9man en las 24 Horas de Le Mans 2026 - HEXIS Graphics","og_description":"Sigue al equipo Racing Spirit of L\u00e9man y a Cl\u00e9ment Mateu en las 24 Horas de Le Mans 2026, a bordo del Aston Martin Vantage LMGT3 n.\u00ba 59.","og_url":"https:\/\/www.hexis-graphics.com\/es\/noticias\/racing-spirit-of-leman-en-las-24-horas-de-le-mans-2026\/","og_site_name":"HEXIS Graphics","article_publisher":"https:\/\/www.facebook.com\/hexisgraphics","article_published_time":"2026-04-28T08:50:54+00:00","article_modified_time":"2026-04-28T08:53:21+00:00","og_image":[{"width":800,"height":1470,"url":"https:\/\/www.hexis-graphics.com\/hexisgraphics\/2026\/04\/racing-spirit-of-leman.webp","type":"image\/png"}],"author":"lea.babeau@hexis.fr","twitter_card":"summary_large_image","twitter_creator":"@hexisgraphics","twitter_site":"@hexisgraphics","twitter_misc":{"Escrito por":"lea.babeau@hexis.fr","Tiempo de lectura":"1 minuto"},"schema":{"@context":"https:\/\/schema.org","@graph":[{"@type":"Article","@id":"https:\/\/www.hexis-graphics.com\/es\/noticias\/racing-spirit-of-leman-en-las-24-horas-de-le-mans-2026\/#article","isPartOf":{"@id":"https:\/\/www.hexis-graphics.com\/es\/noticias\/racing-spirit-of-leman-en-las-24-horas-de-le-mans-2026\/"},"author":{"name":"lea.babeau@hexis.fr","@id":"https:\/\/www.hexis-graphics.com\/es\/#\/schema\/person\/e7acb7d829808a0d5a5636e54adc52a4"},"headline":"Racing Spirit of L\u00e9man en las 24 Horas de Le Mans 2026","datePublished":"2026-04-28T08:50:54+00:00","dateModified":"2026-04-28T08:53:21+00:00","mainEntityOfPage":{"@id":"https:\/\/www.hexis-graphics.com\/es\/noticias\/racing-spirit-of-leman-en-las-24-horas-de-le-mans-2026\/"},"wordCount":244,"publisher":{"@id":"https:\/\/www.hexis-graphics.com\/es\/#organization"},"image":{"@id":"https:\/\/www.hexis-graphics.com\/es\/noticias\/racing-spirit-of-leman-en-las-24-horas-de-le-mans-2026\/#primaryimage"},"thumbnailUrl":"https:\/\/www.hexis-graphics.com\/hexisgraphics\/2026\/04\/racing-spirit-of-leman.webp","articleSection":["Noticias"],"inLanguage":"es"},{"@type":"WebPage","@id":"https:\/\/www.hexis-graphics.com\/es\/noticias\/racing-spirit-of-leman-en-las-24-horas-de-le-mans-2026\/","url":"https:\/\/www.hexis-graphics.com\/es\/noticias\/racing-spirit-of-leman-en-las-24-horas-de-le-mans-2026\/","name":"Racing Spirit of L\u00e9man en las 24 Horas de Le Mans 2026 - HEXIS Graphics","isPartOf":{"@id":"https:\/\/www.hexis-graphics.com\/es\/#website"},"primaryImageOfPage":{"@id":"https:\/\/www.hexis-graphics.com\/es\/noticias\/racing-spirit-of-leman-en-las-24-horas-de-le-mans-2026\/#primaryimage"},"image":{"@id":"https:\/\/www.hexis-graphics.com\/es\/noticias\/racing-spirit-of-leman-en-las-24-horas-de-le-mans-2026\/#primaryimage"},"thumbnailUrl":"https:\/\/www.hexis-graphics.com\/hexisgraphics\/2026\/04\/racing-spirit-of-leman.webp","datePublished":"2026-04-28T08:50:54+00:00","dateModified":"2026-04-28T08:53:21+00:00","description":"Sigue al equipo Racing Spirit of L\u00e9man y a Cl\u00e9ment Mateu en las 24 Horas de Le Mans 2026, a bordo del Aston Martin Vantage LMGT3 n.\u00ba 59.","breadcrumb":{"@id":"https:\/\/www.hexis-graphics.com\/es\/noticias\/racing-spirit-of-leman-en-las-24-horas-de-le-mans-2026\/#breadcrumb"},"inLanguage":"es","potentialAction":[{"@type":"ReadAction","target":["https:\/\/www.hexis-graphics.com\/es\/noticias\/racing-spirit-of-leman-en-las-24-horas-de-le-mans-2026\/"]}]},{"@type":"ImageObject","inLanguage":"es","@id":"https:\/\/www.hexis-graphics.com\/es\/noticias\/racing-spirit-of-leman-en-las-24-horas-de-le-mans-2026\/#primaryimage","url":"https:\/\/www.hexis-graphics.com\/hexisgraphics\/2026\/04\/racing-spirit-of-leman.webp","contentUrl":"https:\/\/www.hexis-graphics.com\/hexisgraphics\/2026\/04\/racing-spirit-of-leman.webp","width":800,"height":1470,"caption":"racing spirit of leman"},{"@type":"BreadcrumbList","@id":"https:\/\/www.hexis-graphics.com\/es\/noticias\/racing-spirit-of-leman-en-las-24-horas-de-le-mans-2026\/#breadcrumb","itemListElement":[{"@type":"ListItem","position":1,"name":"Accueil","item":"https:\/\/www.hexis-graphics.com\/es\/"},{"@type":"ListItem","position":2,"name":"Racing Spirit of L\u00e9man en las 24 Horas de Le Mans 2026"}]},{"@type":"WebSite","@id":"https:\/\/www.hexis-graphics.com\/es\/#website","url":"https:\/\/www.hexis-graphics.com\/es\/","name":"HEXIS Graphics","description":"Manufacturer of self-adhesive films","publisher":{"@id":"https:\/\/www.hexis-graphics.com\/es\/#organization"},"potentialAction":[{"@type":"SearchAction","target":{"@type":"EntryPoint","urlTemplate":"https:\/\/www.hexis-graphics.com\/es\/?s={search_term_string}"},"query-input":{"@type":"PropertyValueSpecification","valueRequired":true,"valueName":"search_term_string"}}],"inLanguage":"es"},{"@type":"Organization","@id":"https:\/\/www.hexis-graphics.com\/es\/#organization","name":"HEXIS Graphics","url":"https:\/\/www.hexis-graphics.com\/es\/","logo":{"@type":"ImageObject","inLanguage":"es","@id":"https:\/\/www.hexis-graphics.com\/es\/#\/schema\/logo\/image\/","url":"https:\/\/www.hexis-graphics.com\/hexisgraphics\/2016\/05\/logo_HEXIS.jpg","contentUrl":"https:\/\/www.hexis-graphics.com\/hexisgraphics\/2016\/05\/logo_HEXIS.jpg","width":250,"height":107,"caption":"HEXIS Graphics"},"image":{"@id":"https:\/\/www.hexis-graphics.com\/es\/#\/schema\/logo\/image\/"},"sameAs":["https:\/\/www.facebook.com\/hexisgraphics","https:\/\/x.com\/hexisgraphics","https:\/\/www.instagram.com\/hexisgraphics\/","https:\/\/fr.linkedin.com\/company\/hexis-s-a-","https:\/\/www.youtube.com\/user\/HEXISSA"]},{"@type":"Person","@id":"https:\/\/www.hexis-graphics.com\/es\/#\/schema\/person\/e7acb7d829808a0d5a5636e54adc52a4","name":"lea.babeau@hexis.fr","image":{"@type":"ImageObject","inLanguage":"es","@id":"https:\/\/secure.gravatar.com\/avatar\/4f46feeb1a1c580ec9cc10f82261799cf9a8df3ea099d2d60befcc18ad0d47a0?s=96&d=mm&r=g","url":"https:\/\/secure.gravatar.com\/avatar\/4f46feeb1a1c580ec9cc10f82261799cf9a8df3ea099d2d60befcc18ad0d47a0?s=96&d=mm&r=g","contentUrl":"https:\/\/secure.gravatar.com\/avatar\/4f46feeb1a1c580ec9cc10f82261799cf9a8df3ea099d2d60befcc18ad0d47a0?s=96&d=mm&r=g","caption":"lea.babeau@hexis.fr"}}]}},"_links":{"self":[{"href":"https:\/\/www.hexis-graphics.com\/es\/wp-json\/wp\/v2\/posts\/58499","targetHints":{"allow":["GET"]}}],"collection":[{"href":"https:\/\/www.hexis-graphics.com\/es\/wp-json\/wp\/v2\/posts"}],"about":[{"href":"https:\/\/www.hexis-graphics.com\/es\/wp-json\/wp\/v2\/types\/post"}],"author":[{"embeddable":true,"href":"https:\/\/www.hexis-graphics.com\/es\/wp-json\/wp\/v2\/users\/34"}],"replies":[{"embeddable":true,"href":"https:\/\/www.hexis-graphics.com\/es\/wp-json\/wp\/v2\/comments?post=58499"}],"version-history":[{"count":3,"href":"https:\/\/www.hexis-graphics.com\/es\/wp-json\/wp\/v2\/posts\/58499\/revisions"}],"predecessor-version":[{"id":58505,"href":"https:\/\/www.hexis-graphics.com\/es\/wp-json\/wp\/v2\/posts\/58499\/revisions\/58505"}],"wp:featuredmedia":[{"embeddable":true,"href":"https:\/\/www.hexis-graphics.com\/es\/wp-json\/wp\/v2\/media\/58498"}],"wp:attachment":[{"href":"https:\/\/www.hexis-graphics.com\/es\/wp-json\/wp\/v2\/media?parent=58499"}],"wp:term":[{"taxonomy":"category","embeddable":true,"href":"https:\/\/www.hexis-graphics.com\/es\/wp-json\/wp\/v2\/categories?post=58499"},{"taxonomy":"post_tag","embeddable":true,"href":"https:\/\/www.hexis-graphics.com\/es\/wp-json\/wp\/v2\/tags?post=58499"}],"curies":[{"name":"wp","href":"https:\/\/api.w.org\/{rel}","templated":true}]}}