{"id":58481,"date":"2026-04-27T14:53:47","date_gmt":"2026-04-27T14:53:47","guid":{"rendered":"https:\/\/www.hexis-graphics.com\/nachrichten-de\/racing-spirit-of-leman-bei-den-24-stunden-von-le-mans-2026\/"},"modified":"2026-04-27T14:54:06","modified_gmt":"2026-04-27T14:54:06","slug":"racing-spirit-of-leman-bei-den-24-stunden-von-le-mans-2026","status":"publish","type":"post","link":"https:\/\/www.hexis-graphics.com\/de\/nachrichten-de\/racing-spirit-of-leman-bei-den-24-stunden-von-le-mans-2026\/","title":{"rendered":"Racing Spirit of L\u00e9man bei den 24 Stunden von Le Mans 2026"},"content":{"rendered":"\n<p>Begleiten Sie das Team <b data-path-to-node=\"12,0\" data-index-in-node=\"24\">Racing Spirit of L\u00e9man<\/b> und <b data-path-to-node=\"12,0\" data-index-in-node=\"51\">Cl\u00e9ment Mateu<\/b> bei den <b data-path-to-node=\"12,0\" data-index-in-node=\"73\">24 Stunden von Le Mans 2026<\/b> an Bord des <b data-path-to-node=\"12,0\" data-index-in-node=\"113\">Aston Martin Vantage LMGT3 Nr. 59<\/b>.<\/p>\n\n<h2 class=\"wp-block-heading\">Ein Aston Martin Vantage LMGT3 f\u00fcr den Kampf an der Spitze<\/h2>\n\n<div class=\"wp-block-group is-nowrap is-layout-flex wp-container-core-group-is-layout-ad2f72ca wp-block-group-is-layout-flex\">\n<figure class=\"wp-block-image size-large\"><img data-dominant-color=\"503535\" data-has-transparency=\"false\" fetchpriority=\"high\" decoding=\"async\" width=\"1024\" height=\"1024\" src=\"https:\/\/www.hexis-graphics.com\/hexisgraphics\/2026\/04\/RSL-aston-martin-1024x1024.webp\" alt=\"RSL aston martin\" class=\"wp-image-58305 not-transparent\" style=\"--dominant-color: #503535; object-fit:cover\" srcset=\"https:\/\/www.hexis-graphics.com\/hexisgraphics\/2026\/04\/RSL-aston-martin-1024x1024.webp 1024w, https:\/\/www.hexis-graphics.com\/hexisgraphics\/2026\/04\/RSL-aston-martin-300x300.webp 300w, https:\/\/www.hexis-graphics.com\/hexisgraphics\/2026\/04\/RSL-aston-martin-150x150.webp 150w, https:\/\/www.hexis-graphics.com\/hexisgraphics\/2026\/04\/RSL-aston-martin-66x66.webp 66w, https:\/\/www.hexis-graphics.com\/hexisgraphics\/2026\/04\/RSL-aston-martin-400x400.webp 400w, https:\/\/www.hexis-graphics.com\/hexisgraphics\/2026\/04\/RSL-aston-martin-320x320.webp 320w, https:\/\/www.hexis-graphics.com\/hexisgraphics\/2026\/04\/RSL-aston-martin.webp 1200w\" sizes=\"(max-width: 1024px) 100vw, 1024px\" \/><\/figure>\n\n\n\n<p>F\u00fcr dieses prestigetr\u00e4chtige Langstreckenrennen setzt Racing Spirit of L\u00e9man auf britische Ingenieurskunst. Mit einem <strong>Aston Martin Vantage LMGT3<\/strong> wird das Team versuchen, den Sieg zu erringen. Bekannt f\u00fcr seine Zuverl\u00e4ssigkeit und fortschrittliche Aerodynamik ist der Vantage die ideale Waffe, um die 13,6 km lange Strecke von Le Mans zu meistern \u2013 von der Hunaudi\u00e8res-Geraden bis zur Dunlop-Kurve.<\/p>\n<\/div>\n\n<h2 class=\"wp-block-heading\">Cl\u00e9ment Mateu und die #59: ein Team im Fokus<\/h2>\n\n<p>Das Fahrk\u00f6nnen wird eine der gr\u00f6\u00dften St\u00e4rken des Teams sein. <strong>Cl\u00e9ment Mateu<\/strong>, ein erfahrener Fahrer und bekannte Pers\u00f6nlichkeit im Motorsport, wird das Fahrzeug mit der Startnummer <strong>59 steuern<\/strong>, gemeinsam mit <strong>Valentin Hasse Clot<\/strong> und <strong>Marius Fossard<\/strong>.<\/p>\n\n<h3 class=\"wp-block-heading\">Ziele der #59 in LMGT3<\/h3>\n\n<ul class=\"wp-block-list\">\n<li><ul>&#13;\n \t<li><strong>Konstanz:<\/strong> Ein gleichm\u00e4\u00dfiges Tempo \u00fcber 24 Stunden halten<\/li>&#13;\n<\/ul><\/li>\n\n\n\n<li><ul>&#13;\n \t<li><strong>Leistung:<\/strong> Das volle Potenzial des V8-Biturbomotors aussch\u00f6pfen<\/li>&#13;\n<\/ul><\/li>\n\n\n\n<li><ul>&#13;\n \t<li><strong>Strategie:<\/strong> Boxenstopps optimieren, um wertvolle Sekunden zu gewinnen<\/li>&#13;\n<\/ul><\/li>\n<\/ul>\n\n<h2 class=\"wp-block-heading\">Termin: 13. Juni 2026<\/h2>\n\n<p>Der Start am Samstagnachmittag markiert den Beginn einer intensiven menschlichen und technischen Herausforderung. Ein elektrisierendes Rennwochenende steht bevor.<\/p>\n","protected":false},"excerpt":{"rendered":"<p>Begleiten Sie das Team Racing Spirit of L\u00e9man und Cl\u00e9ment Mateu bei den 24 Stunden von Le Mans 2026 an Bord des Aston Martin Vantage LMGT3 Nr. 59. Ein Aston Martin Vantage LMGT3 f\u00fcr den Kampf an der Spitze F\u00fcr dieses prestigetr\u00e4chtige Langstreckenrennen setzt Racing Spirit of L\u00e9man auf britische Ingenieurskunst. Mit einem Aston Martin [&hellip;]<\/p>\n","protected":false},"author":34,"featured_media":58480,"comment_status":"closed","ping_status":"closed","sticky":false,"template":"","format":"standard","meta":{"footnotes":""},"categories":[24],"tags":[],"class_list":["post-58481","post","type-post","status-publish","format-standard","has-post-thumbnail","hentry","category-nachrichten-de"],"yoast_head":"<!-- This site is optimized with the Yoast SEO plugin v27.4 - https:\/\/yoast.com\/product\/yoast-seo-wordpress\/ -->\n<title>Racing Spirit of L\u00e9man bei den 24 Stunden von Le Mans 2026 - HEXIS Graphics<\/title>\n<meta name=\"description\" content=\"Begleiten Sie das Team Racing Spirit of L\u00e9man und Cl\u00e9ment Mateu bei den 24 Stunden von Le Mans 2026 an Bord des Aston Martin Vantage LMGT3 Nr. 59.\" \/>\n<meta name=\"robots\" content=\"index, follow, max-snippet:-1, max-image-preview:large, max-video-preview:-1\" \/>\n<link rel=\"canonical\" href=\"https:\/\/www.hexis-graphics.com\/de\/nachrichten-de\/racing-spirit-of-leman-bei-den-24-stunden-von-le-mans-2026\/\" \/>\n<meta property=\"og:locale\" content=\"de_DE\" \/>\n<meta property=\"og:type\" content=\"article\" \/>\n<meta property=\"og:title\" content=\"Racing Spirit of L\u00e9man bei den 24 Stunden von Le Mans 2026 - HEXIS Graphics\" \/>\n<meta property=\"og:description\" content=\"Begleiten Sie das Team Racing Spirit of L\u00e9man und Cl\u00e9ment Mateu bei den 24 Stunden von Le Mans 2026 an Bord des Aston Martin Vantage LMGT3 Nr. 59.\" \/>\n<meta property=\"og:url\" content=\"https:\/\/www.hexis-graphics.com\/de\/nachrichten-de\/racing-spirit-of-leman-bei-den-24-stunden-von-le-mans-2026\/\" \/>\n<meta property=\"og:site_name\" content=\"HEXIS Graphics\" \/>\n<meta property=\"article:publisher\" content=\"https:\/\/www.facebook.com\/hexisgraphics\" \/>\n<meta property=\"article:published_time\" content=\"2026-04-27T14:53:47+00:00\" \/>\n<meta property=\"article:modified_time\" content=\"2026-04-27T14:54:06+00:00\" \/>\n<meta property=\"og:image\" content=\"https:\/\/www.hexis-graphics.com\/hexisgraphics\/2026\/04\/racing-spirit-of-leman.webp\" \/>\n\t<meta property=\"og:image:width\" content=\"800\" \/>\n\t<meta property=\"og:image:height\" content=\"1470\" \/>\n\t<meta property=\"og:image:type\" content=\"image\/png\" \/>\n<meta name=\"author\" content=\"lea.babeau@hexis.fr\" \/>\n<meta name=\"twitter:card\" content=\"summary_large_image\" \/>\n<meta name=\"twitter:creator\" content=\"@hexisgraphics\" \/>\n<meta name=\"twitter:site\" content=\"@hexisgraphics\" \/>\n<meta name=\"twitter:label1\" content=\"Verfasst von\" \/>\n\t<meta name=\"twitter:data1\" content=\"lea.babeau@hexis.fr\" \/>\n\t<meta name=\"twitter:label2\" content=\"Gesch\u00e4tzte Lesezeit\" \/>\n\t<meta name=\"twitter:data2\" content=\"1\u00a0Minute\" \/>\n<script type=\"application\/ld+json\" class=\"yoast-schema-graph\">{\"@context\":\"https:\\\/\\\/schema.org\",\"@graph\":[{\"@type\":\"Article\",\"@id\":\"https:\\\/\\\/www.hexis-graphics.com\\\/de\\\/nachrichten-de\\\/racing-spirit-of-leman-bei-den-24-stunden-von-le-mans-2026\\\/#article\",\"isPartOf\":{\"@id\":\"https:\\\/\\\/www.hexis-graphics.com\\\/de\\\/nachrichten-de\\\/racing-spirit-of-leman-bei-den-24-stunden-von-le-mans-2026\\\/\"},\"author\":{\"name\":\"lea.babeau@hexis.fr\",\"@id\":\"https:\\\/\\\/www.hexis-graphics.com\\\/de\\\/#\\\/schema\\\/person\\\/e7acb7d829808a0d5a5636e54adc52a4\"},\"headline\":\"Racing Spirit of L\u00e9man bei den 24 Stunden von Le Mans 2026\",\"datePublished\":\"2026-04-27T14:53:47+00:00\",\"dateModified\":\"2026-04-27T14:54:06+00:00\",\"mainEntityOfPage\":{\"@id\":\"https:\\\/\\\/www.hexis-graphics.com\\\/de\\\/nachrichten-de\\\/racing-spirit-of-leman-bei-den-24-stunden-von-le-mans-2026\\\/\"},\"wordCount\":209,\"publisher\":{\"@id\":\"https:\\\/\\\/www.hexis-graphics.com\\\/de\\\/#organization\"},\"image\":{\"@id\":\"https:\\\/\\\/www.hexis-graphics.com\\\/de\\\/nachrichten-de\\\/racing-spirit-of-leman-bei-den-24-stunden-von-le-mans-2026\\\/#primaryimage\"},\"thumbnailUrl\":\"https:\\\/\\\/www.hexis-graphics.com\\\/hexisgraphics\\\/2026\\\/04\\\/racing-spirit-of-leman.webp\",\"articleSection\":[\"Nachrichten\"],\"inLanguage\":\"de\"},{\"@type\":\"WebPage\",\"@id\":\"https:\\\/\\\/www.hexis-graphics.com\\\/de\\\/nachrichten-de\\\/racing-spirit-of-leman-bei-den-24-stunden-von-le-mans-2026\\\/\",\"url\":\"https:\\\/\\\/www.hexis-graphics.com\\\/de\\\/nachrichten-de\\\/racing-spirit-of-leman-bei-den-24-stunden-von-le-mans-2026\\\/\",\"name\":\"Racing Spirit of L\u00e9man bei den 24 Stunden von Le Mans 2026 - HEXIS Graphics\",\"isPartOf\":{\"@id\":\"https:\\\/\\\/www.hexis-graphics.com\\\/de\\\/#website\"},\"primaryImageOfPage\":{\"@id\":\"https:\\\/\\\/www.hexis-graphics.com\\\/de\\\/nachrichten-de\\\/racing-spirit-of-leman-bei-den-24-stunden-von-le-mans-2026\\\/#primaryimage\"},\"image\":{\"@id\":\"https:\\\/\\\/www.hexis-graphics.com\\\/de\\\/nachrichten-de\\\/racing-spirit-of-leman-bei-den-24-stunden-von-le-mans-2026\\\/#primaryimage\"},\"thumbnailUrl\":\"https:\\\/\\\/www.hexis-graphics.com\\\/hexisgraphics\\\/2026\\\/04\\\/racing-spirit-of-leman.webp\",\"datePublished\":\"2026-04-27T14:53:47+00:00\",\"dateModified\":\"2026-04-27T14:54:06+00:00\",\"description\":\"Begleiten Sie das Team Racing Spirit of L\u00e9man und Cl\u00e9ment Mateu bei den 24 Stunden von Le Mans 2026 an Bord des Aston Martin Vantage LMGT3 Nr. 59.\",\"breadcrumb\":{\"@id\":\"https:\\\/\\\/www.hexis-graphics.com\\\/de\\\/nachrichten-de\\\/racing-spirit-of-leman-bei-den-24-stunden-von-le-mans-2026\\\/#breadcrumb\"},\"inLanguage\":\"de\",\"potentialAction\":[{\"@type\":\"ReadAction\",\"target\":[\"https:\\\/\\\/www.hexis-graphics.com\\\/de\\\/nachrichten-de\\\/racing-spirit-of-leman-bei-den-24-stunden-von-le-mans-2026\\\/\"]}]},{\"@type\":\"ImageObject\",\"inLanguage\":\"de\",\"@id\":\"https:\\\/\\\/www.hexis-graphics.com\\\/de\\\/nachrichten-de\\\/racing-spirit-of-leman-bei-den-24-stunden-von-le-mans-2026\\\/#primaryimage\",\"url\":\"https:\\\/\\\/www.hexis-graphics.com\\\/hexisgraphics\\\/2026\\\/04\\\/racing-spirit-of-leman.webp\",\"contentUrl\":\"https:\\\/\\\/www.hexis-graphics.com\\\/hexisgraphics\\\/2026\\\/04\\\/racing-spirit-of-leman.webp\",\"width\":800,\"height\":1470,\"caption\":\"racing spirit of leman\"},{\"@type\":\"BreadcrumbList\",\"@id\":\"https:\\\/\\\/www.hexis-graphics.com\\\/de\\\/nachrichten-de\\\/racing-spirit-of-leman-bei-den-24-stunden-von-le-mans-2026\\\/#breadcrumb\",\"itemListElement\":[{\"@type\":\"ListItem\",\"position\":1,\"name\":\"Accueil\",\"item\":\"https:\\\/\\\/www.hexis-graphics.com\\\/de\\\/\"},{\"@type\":\"ListItem\",\"position\":2,\"name\":\"Racing Spirit of L\u00e9man bei den 24 Stunden von Le Mans 2026\"}]},{\"@type\":\"WebSite\",\"@id\":\"https:\\\/\\\/www.hexis-graphics.com\\\/de\\\/#website\",\"url\":\"https:\\\/\\\/www.hexis-graphics.com\\\/de\\\/\",\"name\":\"HEXIS Graphics\",\"description\":\"Manufacturer of self-adhesive films\",\"publisher\":{\"@id\":\"https:\\\/\\\/www.hexis-graphics.com\\\/de\\\/#organization\"},\"potentialAction\":[{\"@type\":\"SearchAction\",\"target\":{\"@type\":\"EntryPoint\",\"urlTemplate\":\"https:\\\/\\\/www.hexis-graphics.com\\\/de\\\/?s={search_term_string}\"},\"query-input\":{\"@type\":\"PropertyValueSpecification\",\"valueRequired\":true,\"valueName\":\"search_term_string\"}}],\"inLanguage\":\"de\"},{\"@type\":\"Organization\",\"@id\":\"https:\\\/\\\/www.hexis-graphics.com\\\/de\\\/#organization\",\"name\":\"HEXIS Graphics\",\"url\":\"https:\\\/\\\/www.hexis-graphics.com\\\/de\\\/\",\"logo\":{\"@type\":\"ImageObject\",\"inLanguage\":\"de\",\"@id\":\"https:\\\/\\\/www.hexis-graphics.com\\\/de\\\/#\\\/schema\\\/logo\\\/image\\\/\",\"url\":\"https:\\\/\\\/www.hexis-graphics.com\\\/hexisgraphics\\\/2016\\\/05\\\/logo_HEXIS.jpg\",\"contentUrl\":\"https:\\\/\\\/www.hexis-graphics.com\\\/hexisgraphics\\\/2016\\\/05\\\/logo_HEXIS.jpg\",\"width\":250,\"height\":107,\"caption\":\"HEXIS Graphics\"},\"image\":{\"@id\":\"https:\\\/\\\/www.hexis-graphics.com\\\/de\\\/#\\\/schema\\\/logo\\\/image\\\/\"},\"sameAs\":[\"https:\\\/\\\/www.facebook.com\\\/hexisgraphics\",\"https:\\\/\\\/x.com\\\/hexisgraphics\",\"https:\\\/\\\/www.instagram.com\\\/hexisgraphics\\\/\",\"https:\\\/\\\/fr.linkedin.com\\\/company\\\/hexis-s-a-\",\"https:\\\/\\\/www.youtube.com\\\/user\\\/HEXISSA\"]},{\"@type\":\"Person\",\"@id\":\"https:\\\/\\\/www.hexis-graphics.com\\\/de\\\/#\\\/schema\\\/person\\\/e7acb7d829808a0d5a5636e54adc52a4\",\"name\":\"lea.babeau@hexis.fr\",\"image\":{\"@type\":\"ImageObject\",\"inLanguage\":\"de\",\"@id\":\"https:\\\/\\\/secure.gravatar.com\\\/avatar\\\/4f46feeb1a1c580ec9cc10f82261799cf9a8df3ea099d2d60befcc18ad0d47a0?s=96&d=mm&r=g\",\"url\":\"https:\\\/\\\/secure.gravatar.com\\\/avatar\\\/4f46feeb1a1c580ec9cc10f82261799cf9a8df3ea099d2d60befcc18ad0d47a0?s=96&d=mm&r=g\",\"contentUrl\":\"https:\\\/\\\/secure.gravatar.com\\\/avatar\\\/4f46feeb1a1c580ec9cc10f82261799cf9a8df3ea099d2d60befcc18ad0d47a0?s=96&d=mm&r=g\",\"caption\":\"lea.babeau@hexis.fr\"}}]}<\/script>\n<!-- \/ Yoast SEO plugin. -->","yoast_head_json":{"title":"Racing Spirit of L\u00e9man bei den 24 Stunden von Le Mans 2026 - HEXIS Graphics","description":"Begleiten Sie das Team Racing Spirit of L\u00e9man und Cl\u00e9ment Mateu bei den 24 Stunden von Le Mans 2026 an Bord des Aston Martin Vantage LMGT3 Nr. 59.","robots":{"index":"index","follow":"follow","max-snippet":"max-snippet:-1","max-image-preview":"max-image-preview:large","max-video-preview":"max-video-preview:-1"},"canonical":"https:\/\/www.hexis-graphics.com\/de\/nachrichten-de\/racing-spirit-of-leman-bei-den-24-stunden-von-le-mans-2026\/","og_locale":"de_DE","og_type":"article","og_title":"Racing Spirit of L\u00e9man bei den 24 Stunden von Le Mans 2026 - HEXIS Graphics","og_description":"Begleiten Sie das Team Racing Spirit of L\u00e9man und Cl\u00e9ment Mateu bei den 24 Stunden von Le Mans 2026 an Bord des Aston Martin Vantage LMGT3 Nr. 59.","og_url":"https:\/\/www.hexis-graphics.com\/de\/nachrichten-de\/racing-spirit-of-leman-bei-den-24-stunden-von-le-mans-2026\/","og_site_name":"HEXIS Graphics","article_publisher":"https:\/\/www.facebook.com\/hexisgraphics","article_published_time":"2026-04-27T14:53:47+00:00","article_modified_time":"2026-04-27T14:54:06+00:00","og_image":[{"width":800,"height":1470,"url":"https:\/\/www.hexis-graphics.com\/hexisgraphics\/2026\/04\/racing-spirit-of-leman.webp","type":"image\/png"}],"author":"lea.babeau@hexis.fr","twitter_card":"summary_large_image","twitter_creator":"@hexisgraphics","twitter_site":"@hexisgraphics","twitter_misc":{"Verfasst von":"lea.babeau@hexis.fr","Gesch\u00e4tzte Lesezeit":"1\u00a0Minute"},"schema":{"@context":"https:\/\/schema.org","@graph":[{"@type":"Article","@id":"https:\/\/www.hexis-graphics.com\/de\/nachrichten-de\/racing-spirit-of-leman-bei-den-24-stunden-von-le-mans-2026\/#article","isPartOf":{"@id":"https:\/\/www.hexis-graphics.com\/de\/nachrichten-de\/racing-spirit-of-leman-bei-den-24-stunden-von-le-mans-2026\/"},"author":{"name":"lea.babeau@hexis.fr","@id":"https:\/\/www.hexis-graphics.com\/de\/#\/schema\/person\/e7acb7d829808a0d5a5636e54adc52a4"},"headline":"Racing Spirit of L\u00e9man bei den 24 Stunden von Le Mans 2026","datePublished":"2026-04-27T14:53:47+00:00","dateModified":"2026-04-27T14:54:06+00:00","mainEntityOfPage":{"@id":"https:\/\/www.hexis-graphics.com\/de\/nachrichten-de\/racing-spirit-of-leman-bei-den-24-stunden-von-le-mans-2026\/"},"wordCount":209,"publisher":{"@id":"https:\/\/www.hexis-graphics.com\/de\/#organization"},"image":{"@id":"https:\/\/www.hexis-graphics.com\/de\/nachrichten-de\/racing-spirit-of-leman-bei-den-24-stunden-von-le-mans-2026\/#primaryimage"},"thumbnailUrl":"https:\/\/www.hexis-graphics.com\/hexisgraphics\/2026\/04\/racing-spirit-of-leman.webp","articleSection":["Nachrichten"],"inLanguage":"de"},{"@type":"WebPage","@id":"https:\/\/www.hexis-graphics.com\/de\/nachrichten-de\/racing-spirit-of-leman-bei-den-24-stunden-von-le-mans-2026\/","url":"https:\/\/www.hexis-graphics.com\/de\/nachrichten-de\/racing-spirit-of-leman-bei-den-24-stunden-von-le-mans-2026\/","name":"Racing Spirit of L\u00e9man bei den 24 Stunden von Le Mans 2026 - HEXIS Graphics","isPartOf":{"@id":"https:\/\/www.hexis-graphics.com\/de\/#website"},"primaryImageOfPage":{"@id":"https:\/\/www.hexis-graphics.com\/de\/nachrichten-de\/racing-spirit-of-leman-bei-den-24-stunden-von-le-mans-2026\/#primaryimage"},"image":{"@id":"https:\/\/www.hexis-graphics.com\/de\/nachrichten-de\/racing-spirit-of-leman-bei-den-24-stunden-von-le-mans-2026\/#primaryimage"},"thumbnailUrl":"https:\/\/www.hexis-graphics.com\/hexisgraphics\/2026\/04\/racing-spirit-of-leman.webp","datePublished":"2026-04-27T14:53:47+00:00","dateModified":"2026-04-27T14:54:06+00:00","description":"Begleiten Sie das Team Racing Spirit of L\u00e9man und Cl\u00e9ment Mateu bei den 24 Stunden von Le Mans 2026 an Bord des Aston Martin Vantage LMGT3 Nr. 59.","breadcrumb":{"@id":"https:\/\/www.hexis-graphics.com\/de\/nachrichten-de\/racing-spirit-of-leman-bei-den-24-stunden-von-le-mans-2026\/#breadcrumb"},"inLanguage":"de","potentialAction":[{"@type":"ReadAction","target":["https:\/\/www.hexis-graphics.com\/de\/nachrichten-de\/racing-spirit-of-leman-bei-den-24-stunden-von-le-mans-2026\/"]}]},{"@type":"ImageObject","inLanguage":"de","@id":"https:\/\/www.hexis-graphics.com\/de\/nachrichten-de\/racing-spirit-of-leman-bei-den-24-stunden-von-le-mans-2026\/#primaryimage","url":"https:\/\/www.hexis-graphics.com\/hexisgraphics\/2026\/04\/racing-spirit-of-leman.webp","contentUrl":"https:\/\/www.hexis-graphics.com\/hexisgraphics\/2026\/04\/racing-spirit-of-leman.webp","width":800,"height":1470,"caption":"racing spirit of leman"},{"@type":"BreadcrumbList","@id":"https:\/\/www.hexis-graphics.com\/de\/nachrichten-de\/racing-spirit-of-leman-bei-den-24-stunden-von-le-mans-2026\/#breadcrumb","itemListElement":[{"@type":"ListItem","position":1,"name":"Accueil","item":"https:\/\/www.hexis-graphics.com\/de\/"},{"@type":"ListItem","position":2,"name":"Racing Spirit of L\u00e9man bei den 24 Stunden von Le Mans 2026"}]},{"@type":"WebSite","@id":"https:\/\/www.hexis-graphics.com\/de\/#website","url":"https:\/\/www.hexis-graphics.com\/de\/","name":"HEXIS Graphics","description":"Manufacturer of self-adhesive films","publisher":{"@id":"https:\/\/www.hexis-graphics.com\/de\/#organization"},"potentialAction":[{"@type":"SearchAction","target":{"@type":"EntryPoint","urlTemplate":"https:\/\/www.hexis-graphics.com\/de\/?s={search_term_string}"},"query-input":{"@type":"PropertyValueSpecification","valueRequired":true,"valueName":"search_term_string"}}],"inLanguage":"de"},{"@type":"Organization","@id":"https:\/\/www.hexis-graphics.com\/de\/#organization","name":"HEXIS Graphics","url":"https:\/\/www.hexis-graphics.com\/de\/","logo":{"@type":"ImageObject","inLanguage":"de","@id":"https:\/\/www.hexis-graphics.com\/de\/#\/schema\/logo\/image\/","url":"https:\/\/www.hexis-graphics.com\/hexisgraphics\/2016\/05\/logo_HEXIS.jpg","contentUrl":"https:\/\/www.hexis-graphics.com\/hexisgraphics\/2016\/05\/logo_HEXIS.jpg","width":250,"height":107,"caption":"HEXIS Graphics"},"image":{"@id":"https:\/\/www.hexis-graphics.com\/de\/#\/schema\/logo\/image\/"},"sameAs":["https:\/\/www.facebook.com\/hexisgraphics","https:\/\/x.com\/hexisgraphics","https:\/\/www.instagram.com\/hexisgraphics\/","https:\/\/fr.linkedin.com\/company\/hexis-s-a-","https:\/\/www.youtube.com\/user\/HEXISSA"]},{"@type":"Person","@id":"https:\/\/www.hexis-graphics.com\/de\/#\/schema\/person\/e7acb7d829808a0d5a5636e54adc52a4","name":"lea.babeau@hexis.fr","image":{"@type":"ImageObject","inLanguage":"de","@id":"https:\/\/secure.gravatar.com\/avatar\/4f46feeb1a1c580ec9cc10f82261799cf9a8df3ea099d2d60befcc18ad0d47a0?s=96&d=mm&r=g","url":"https:\/\/secure.gravatar.com\/avatar\/4f46feeb1a1c580ec9cc10f82261799cf9a8df3ea099d2d60befcc18ad0d47a0?s=96&d=mm&r=g","contentUrl":"https:\/\/secure.gravatar.com\/avatar\/4f46feeb1a1c580ec9cc10f82261799cf9a8df3ea099d2d60befcc18ad0d47a0?s=96&d=mm&r=g","caption":"lea.babeau@hexis.fr"}}]}},"_links":{"self":[{"href":"https:\/\/www.hexis-graphics.com\/de\/wp-json\/wp\/v2\/posts\/58481","targetHints":{"allow":["GET"]}}],"collection":[{"href":"https:\/\/www.hexis-graphics.com\/de\/wp-json\/wp\/v2\/posts"}],"about":[{"href":"https:\/\/www.hexis-graphics.com\/de\/wp-json\/wp\/v2\/types\/post"}],"author":[{"embeddable":true,"href":"https:\/\/www.hexis-graphics.com\/de\/wp-json\/wp\/v2\/users\/34"}],"replies":[{"embeddable":true,"href":"https:\/\/www.hexis-graphics.com\/de\/wp-json\/wp\/v2\/comments?post=58481"}],"version-history":[{"count":3,"href":"https:\/\/www.hexis-graphics.com\/de\/wp-json\/wp\/v2\/posts\/58481\/revisions"}],"predecessor-version":[{"id":58487,"href":"https:\/\/www.hexis-graphics.com\/de\/wp-json\/wp\/v2\/posts\/58481\/revisions\/58487"}],"wp:featuredmedia":[{"embeddable":true,"href":"https:\/\/www.hexis-graphics.com\/de\/wp-json\/wp\/v2\/media\/58480"}],"wp:attachment":[{"href":"https:\/\/www.hexis-graphics.com\/de\/wp-json\/wp\/v2\/media?parent=58481"}],"wp:term":[{"taxonomy":"category","embeddable":true,"href":"https:\/\/www.hexis-graphics.com\/de\/wp-json\/wp\/v2\/categories?post=58481"},{"taxonomy":"post_tag","embeddable":true,"href":"https:\/\/www.hexis-graphics.com\/de\/wp-json\/wp\/v2\/tags?post=58481"}],"curies":[{"name":"wp","href":"https:\/\/api.w.org\/{rel}","templated":true}]}}